{"id":5594,"date":"2014-04-07T07:04:42","date_gmt":"2014-04-07T10:04:42","guid":{"rendered":"http:\/\/argentinamunicipal.com.ar\/argentina\/?p=5594"},"modified":"2014-04-06T10:09:36","modified_gmt":"2014-04-06T13:09:36","slug":"el-gobierno-invertira-90-millones-de-pesos-para-construir-159-viviendas-mas-en-trelew","status":"publish","type":"post","link":"http:\/\/argentinamunicipal.com.ar\/argentina\/el-gobierno-invertira-90-millones-de-pesos-para-construir-159-viviendas-mas-en-trelew\/","title":{"rendered":"El Gobierno invertir\u00e1 90 millones de pesos para construir 159 viviendas m\u00e1s en Trelew"},"content":{"rendered":"<p><a href=\"http:\/\/argentinamunicipal.com.ar\/argentina\/wp-content\/uploads\/2014\/04\/533f7a7ff378a_628_353.jpg\"><img loading=\"lazy\" decoding=\"async\" class=\"aligncenter size-full wp-image-5596\" alt=\"533f7a7ff378a_628_353!\" src=\"http:\/\/argentinamunicipal.com.ar\/argentina\/wp-content\/uploads\/2014\/04\/533f7a7ff378a_628_353.jpg\" width=\"628\" height=\"353\" srcset=\"http:\/\/argentinamunicipal.com.ar\/argentina\/wp-content\/uploads\/2014\/04\/533f7a7ff378a_628_353.jpg 628w, http:\/\/argentinamunicipal.com.ar\/argentina\/wp-content\/uploads\/2014\/04\/533f7a7ff378a_628_353-300x168.jpg 300w\" sizes=\"auto, (max-width: 628px) 100vw, 628px\" \/><\/a><br \/>\nEl gobernador Mart\u00edn Buzzi encabez\u00f3 ayer en Trelew la apertura de ofertas correspondientes a dos licitaciones para la construcci\u00f3n de un total de 80 viviendas en el barrio Este de Trelew, adem\u00e1s de la firma del acta acuerdo para la construcci\u00f3n de otras 79 unidades habitacionales en el barrio Illia de la ciudad.<\/p>\n<p>Las 159 viviendas estar\u00e1n destinadas a los afiliados del Sindicato de Empleados de Comercio (SEC), que encabeza Alfredo B\u00e9liz, en cuyas instalaciones de la calle Edison se realiz\u00f3 el acto. Al hablar en la oportunidad, Buzzi destac\u00f3 que \u00abdentro del progreso que va teniendo una familia est\u00e1 este acto de hoy, donde abrimos los sobres para 80 nuevas viviendas para la comunidad de Trelew y un acta compromiso para otras 79 viviendas\u00bb, se\u00f1alando que \u00abs\u00f3lo en este momento tenemos 159 viviendas para ciudadanos de Trelew\u00bb.<\/p>\n<p>En este marco Buzzi record\u00f3 que estas unidades habitacionales \u00abse suman a las 120 firmadas la semana pasada, a partir de que resolvimos el problema del grupo de familias de Trelew, de UPCN, que hab\u00edan quedado con ilusiones truncas\u00bb, agregando que \u00abcomo tantas otras veces, nos hicimos cargo del problema\u00bb. Asimismo mencion\u00f3 que tambi\u00e9n \u00abla semana pasada abrimos los sobres para construir 44 viviendas para los trabajadores de la Municipalidad de Trelew\u00bb, subrayando que \u00aben dos semanas hemos generado 320 casas nuevas para familias de la ciudad\u00bb. Buzzi subray\u00f3 que \u00aben lo que va del a\u00f1o llevamos 538 viviendas licitadas para esta ciudad y en poco tiempo m\u00e1s vamos a tener 240 viviendas nuevas tambi\u00e9n a licitarse para Trelew\u00bb.<\/p>\n<p>Se trata de \u00ab778 unidades habitacionales, 778 familias que dejan de alquilar o dejan de compartir cuarto en la casa de alg\u00fan familiar. Y esto se realiza con la acci\u00f3n del Estado\u00bb, expres\u00f3. Enfatiz\u00f3 asimismo que desde el Gobierno provincial se est\u00e1n construyendo \u00abpara los sindicatos de Trelew una cantidad de viviendas que nunca tuvo en toda su historia\u00bb.<\/p>\n<h3>Limites a la prepotencia<\/h3>\n<p>Adem\u00e1s, Buzzi resalt\u00f3 el hecho de \u00abcuando hay un sindicato y una Comisi\u00f3n Directiva que est\u00e1 legitimada y que la vot\u00f3 la gente\u00bb, agregando que \u00abac\u00e1 no valen grupos de autoconvocados que, porque opinan distinto o tienen capacidad de presionar o extorsionar, se cortan por afuera creando un problema adicional\u00bb. \u00abO gente que simplemente porque cree que es otro el camino para acceder a la vivienda, en lugar de ponerse en la fila, anotarse y acceder, usurpan en alg\u00fan lugar\u00bb, sostuvo Buzzi. \u00abComo Estado nunca le vamos a abrir la puerta o ponerle banca a grupos an\u00e1rquicos que se cortan solos por afuera de las estructuras organizacionales que conocemos desde siempre, y esto es as\u00ed porque tenemos que vivir organizados\u00bb, indic\u00f3.<\/p>\n<p>Adem\u00e1s dijo que \u00aba los que se plantan como apretadores hay que quitarles el poder de coerci\u00f3n que ejercen a veces f\u00edsicamente o a los gritos\u00bb, precisando que \u00abla democracia es otra cosa y tenemos que dar la se\u00f1al l\u00f3gica de cu\u00e1l es el sentido que tiene la democracia para todos nosotros\u00bb. \u00abSi algo tiene que cambiar es la forma de relacionarnos, hay que ponerle l\u00edmite a la prepotencia que hay en la acci\u00f3n y en el discurso\u00bb, afirm\u00f3.<\/p>\n<p>Por \u00faltimo el Gobernador se\u00f1al\u00f3 que \u00aba m\u00ed me van a encontrar siempre como Gobernador de esta Provincia y tambi\u00e9n de Trelew resolviendo los problemas de esta comunidad\u00bb. Y sostuvo que si bien \u00abhoy no ha venido el intendente, M\u00e1ximo P\u00e9rez C\u00e1tan, que sin dudas tendr\u00e1 sus razones, a m\u00ed me van a encontrar siempre, aun teniendo diferencias pol\u00edticas, al lado de \u00e9l para resolver los problemas de Trelew\u00bb. En el acto, el Gobernador estuvo acompa\u00f1ado por el secretario general del Sindicato de Empleados de Comercio, Alfredo Beliz; el presidente del Instituto Provincial de la Vivienda, Ricardo Trovant; y otras autoridades.<\/p>\n<h3>Estado Responsable<\/h3>\n<p>Beliz, a su vez, afirm\u00f3 que la construcci\u00f3n de viviendas son \u00abmuy importantes para nuestra ciudad, para el crecimiento, para el desarrollo, para mantener la fuente de trabajo y dejar de pagar el alquiler\u00bb. \u00abPor eso duele un poco esas mezquindades pol\u00edticas y eso se ve en la no presencia del intendente M\u00e1ximo P\u00e9rez C\u00e1tan en algo que el vecino se siente orgulloso de sentir como es una nueva construcci\u00f3n de un plan de viviendas para seguir viviendo en Trelew\u00bb, resalt\u00f3 Beliz.<\/p>\n<p>El secretario general del SEC explic\u00f3 que \u00abrespeto mucho a la gente que viene al gremio y con paciencia se anota para tener una vivienda, o bien que est\u00e1 pagando su terreno dentro del n\u00facleo familiar\u00bb, se\u00f1alando que se trata \u00abdel engranaje de una sociedad m\u00e1s justa y democr\u00e1tica, porque esa gente no usurpa los terrenos ni se involucra en piquetes absurdos que no dejan trabajar a quienes si quieren hacerlo\u00bb. \u00abAh\u00ed es donde tiene que estar el Estado con responsabilidad, sin importar los colores pol\u00edticos\u00bb, resalt\u00f3 el dirigente.<\/p>\n<h3>Importante Inversi\u00f3n<\/h3>\n<p>Por su parte, Trovant destac\u00f3 en su discurso \u00abla importante inversi\u00f3n que en viviendas est\u00e1 recibiendo la ciudad de Trelew\u00bb. Se\u00f1al\u00f3 en esa l\u00ednea que \u00abentre 2013 y este a\u00f1o en materia habitacional, le estamos agregando a la planta de la ciudad alrededor del 2% por a\u00f1o desde este Gobierno Provincial\u00bb y explic\u00f3 que ese porcentaje tambi\u00e9n comprende la \u00absuperficie urbanizada, que ya tiene servicios, veredas, cord\u00f3n cuneta, energ\u00eda, est\u00e1 preparada para que pueda pasar el transporte p\u00fablico, est\u00e1 planificada para que los servicios un poco m\u00e1s complejos de salud o educaci\u00f3n empiecen a ser parte de la ciudad\u00bb.<\/p>\n<p>Trovant manifest\u00f3 que esta inversi\u00f3n \u00abtambi\u00e9n tiene otro efecto, porque a la Municipalidad le entran otros ingresos a su presupuesto, del impuesto inmobiliario o de las empresas que pagan los ingresos brutos, por ejemplo\u00bb.<\/p>\n<h3>Ofertas presentadas<\/h3>\n<p>Para la construcci\u00f3n de 48 viviendas tipo d\u00faplex en el barrio Este de Trelew en un plazo de ejecuci\u00f3n de 390 d\u00edas, se present\u00f3 la empresa Diherco SRL con una oferta de 30.440.825,88 pesos y la empresa Villegas Construcciones SRL con una oferta de 29.938.000 pesos. En segundo lugar, para la construcci\u00f3n de 32 viviendas en el barrio Este, se present\u00f3 una \u00fanica empresa: Villegas Construcciones SRL con un presupuesto de 20.130.000 pesos.<\/p>\n<h6>Fuente: El Chubut<\/h6>\n","protected":false},"excerpt":{"rendered":"<p>El gobernador Mart\u00edn Buzzi encabez\u00f3 ayer en Trelew la apertura de ofertas correspondientes a dos licitaciones para la construcci\u00f3n de un total de 80 viviendas en el barrio Este de Trelew, adem\u00e1s de la firma del acta acuerdo para la construcci\u00f3n de otras 79 unidades habitacionales en el barrio Illia de la ciudad. Las 159<\/p>\n","protected":false},"author":2,"featured_media":5596,"comment_status":"closed","ping_status":"closed","sticky":false,"template":"","format":"standard","meta":{"footnotes":""},"categories":[2],"tags":[14],"class_list":["post-5594","post","type-post","status-publish","format-standard","has-post-thumbnail","hentry","category-informe-municipal","tag-chubut"],"_links":{"self":[{"href":"http:\/\/argentinamunicipal.com.ar\/argentina\/wp-json\/wp\/v2\/posts\/5594","targetHints":{"allow":["GET"]}}],"collection":[{"href":"http:\/\/argentinamunicipal.com.ar\/argentina\/wp-json\/wp\/v2\/posts"}],"about":[{"href":"http:\/\/argentinamunicipal.com.ar\/argentina\/wp-json\/wp\/v2\/types\/post"}],"author":[{"embeddable":true,"href":"http:\/\/argentinamunicipal.com.ar\/argentina\/wp-json\/wp\/v2\/users\/2"}],"replies":[{"embeddable":true,"href":"http:\/\/argentinamunicipal.com.ar\/argentina\/wp-json\/wp\/v2\/comments?post=5594"}],"version-history":[{"count":0,"href":"http:\/\/argentinamunicipal.com.ar\/argentina\/wp-json\/wp\/v2\/posts\/5594\/revisions"}],"wp:featuredmedia":[{"embeddable":true,"href":"http:\/\/argentinamunicipal.com.ar\/argentina\/wp-json\/wp\/v2\/media\/5596"}],"wp:attachment":[{"href":"http:\/\/argentinamunicipal.com.ar\/argentina\/wp-json\/wp\/v2\/media?parent=5594"}],"wp:term":[{"taxonomy":"category","embeddable":true,"href":"http:\/\/argentinamunicipal.com.ar\/argentina\/wp-json\/wp\/v2\/categories?post=5594"},{"taxonomy":"post_tag","embeddable":true,"href":"http:\/\/argentinamunicipal.com.ar\/argentina\/wp-json\/wp\/v2\/tags?post=5594"}],"curies":[{"name":"wp","href":"https:\/\/api.w.org\/{rel}","templated":true}]}}