{"id":55947,"date":"2016-11-15T06:35:56","date_gmt":"2016-11-15T09:35:56","guid":{"rendered":"http:\/\/argentinamunicipal.com.ar\/argentina\/?p=55947"},"modified":"2016-11-15T06:35:56","modified_gmt":"2016-11-15T09:35:56","slug":"santa-fe-se-aprobo-la-creacion-del-ente-coordinacion-del-area-metropolitana","status":"publish","type":"post","link":"http:\/\/argentinamunicipal.com.ar\/argentina\/santa-fe-se-aprobo-la-creacion-del-ente-coordinacion-del-area-metropolitana\/","title":{"rendered":"Santa Fe: Se aprob\u00f3 la creaci\u00f3n del Ente de Coordinaci\u00f3n del \u00c1rea Metropolitana"},"content":{"rendered":"<p>Por intermedio del concejal Carlos Suarez (UCR-FPCyS) se aprob\u00f3 hoy el Convenio Constitutivo del Ente de Coordinaci\u00f3n del \u00ab\u00c1rea Metropolitana Santa Fe\u00bb.<\/p>\n<p>En el d\u00eda de hoy se dieron dos pasos importantes en el desarrollo del \u00c1rea Metropolitana y de sus entes reguladores. Por un lado, en la ma\u00f1ana de este jueves, se reunieron los concejales de todo el departamento La Capital, en lo que fue la primer reuni\u00f3n del Consejo Permanente de Coordinaci\u00f3n Legislativa Local del \u00c1rea Metropolitana (ente legislativo que regulara el desarrollo de la regi\u00f3n). Por otro lado, en la sesi\u00f3n de este mi\u00e9rcoles, se aprob\u00f3 la creaci\u00f3n del \u00f3rgano ejecutivo que coordinar\u00e1 todas espacios de di\u00e1logo del \u00c1rea Metropolitana.<\/p>\n<p>La creaci\u00f3n del Ente de Coordinaci\u00f3n del \u00c1rea Metropolitana es ser\u00e1 de gran impulso para la regi\u00f3n, ya que servir\u00e1 de espacio para la elaboraci\u00f3n de una agenda com\u00fan a todas las localidades que forman parte de la misma, y la discusi\u00f3n de pol\u00edticas p\u00fablicas y proyectos en materias tales como ambiente, movilidad urbana, seguridad, empleo, desarrollo productivo, obras p\u00fablicas, prevenci\u00f3n de inundaciones, etc.<\/p>\n<p>Los integrantes del \u00c1rea<\/p>\n<p>Con el Departamento Ejecutivo Municipal como cabecera, esta comisi\u00f3n estar\u00e1 integrada por los representantes de Santo Tom\u00e9, San Jos\u00e9 del Rinc\u00f3n, Esperanza, Recreo, Monte Vera, Arroyo Aguiar, Arroyo Leyes, Cabal, Campo Andino, Candioti, Emilia, Laguna Paiva, Llamb\u00ed Campbell, Nelson, Sauce Viejo, San Agust\u00edn, Franck, Cayastacito, Santa Rosa de Calchines, Empalme San Carlos y Colonia San Jos\u00e9.<br \/>\nPaso Hist\u00f3rico.<\/p>\n<p>As\u00ed lo defini\u00f3 el concejal Suarez al momento de fundamentar la iniciativa, expresando \u00abEs sin duda uno de los temas mas conversados en los \u00e1mbitos acad\u00e9micos y tambi\u00e9n pol\u00edticos y particularmente en lo referido a nuestra ciudad, tradicionalmente se pens\u00f3 en un \u00e1rea metropolitana que comprend\u00eda siete localidades, hoy que sancionamos la concreci\u00f3n definitiva estamos hablando de mas de veinte localidades integrantes de la misma.\u00bb<\/p>\n<p>\u00abLa dificultad hist\u00f3rica en la conformaci\u00f3n de las \u00e1reas metropolitanas ha sido sin duda pol\u00edtica, en nuestro caso sin duda la ley provincial 13.532 quien viene a sortear esta dificultad y termino de dar el impulso necesario para la conformaci\u00f3n de las \u00e1reas y tanto es as\u00ed que a lo largo de la provincia y en la medida que la ley lo permite, se han iniciado la tareas tendientes a conformar las mismas.<\/p>\n<p>Y eso sin duda tiene que ver con que es necesario encontrar instancias de gesti\u00f3n supraestadual que mas all\u00e1 del territorio formal, reconozca de forma \u00e1gil el territorio real\u00bb.-<\/p>\n<p>El concejal Sebastian Pignata, qui\u00e9n acompa\u00f1\u00f3 a Suarez en la iniciativa, celebr\u00f3 la creaci\u00f3n de este espacio: \u00abAvanzar sobre estas cuestiones es fundamental para impulsar el desarrollo de la regi\u00f3n, vinculando las experiencias propias de cada localidad y trabajando conjuntamente\u00bb.<\/p>\n<h6>Fuente: Sin MOrdaza<\/h6>\n","protected":false},"excerpt":{"rendered":"<p>Por intermedio del concejal Carlos Suarez (UCR-FPCyS) se aprob\u00f3 hoy el Convenio Constitutivo del Ente de Coordinaci\u00f3n del \u00ab\u00c1rea Metropolitana Santa Fe\u00bb.<\/p>\n","protected":false},"author":2,"featured_media":55948,"comment_status":"closed","ping_status":"closed","sticky":false,"template":"","format":"standard","meta":{"footnotes":""},"categories":[2],"tags":[10],"class_list":["post-55947","post","type-post","status-publish","format-standard","has-post-thumbnail","hentry","category-informe-municipal","tag-santa-fe"],"_links":{"self":[{"href":"http:\/\/argentinamunicipal.com.ar\/argentina\/wp-json\/wp\/v2\/posts\/55947","targetHints":{"allow":["GET"]}}],"collection":[{"href":"http:\/\/argentinamunicipal.com.ar\/argentina\/wp-json\/wp\/v2\/posts"}],"about":[{"href":"http:\/\/argentinamunicipal.com.ar\/argentina\/wp-json\/wp\/v2\/types\/post"}],"author":[{"embeddable":true,"href":"http:\/\/argentinamunicipal.com.ar\/argentina\/wp-json\/wp\/v2\/users\/2"}],"replies":[{"embeddable":true,"href":"http:\/\/argentinamunicipal.com.ar\/argentina\/wp-json\/wp\/v2\/comments?post=55947"}],"version-history":[{"count":0,"href":"http:\/\/argentinamunicipal.com.ar\/argentina\/wp-json\/wp\/v2\/posts\/55947\/revisions"}],"wp:featuredmedia":[{"embeddable":true,"href":"http:\/\/argentinamunicipal.com.ar\/argentina\/wp-json\/wp\/v2\/media\/55948"}],"wp:attachment":[{"href":"http:\/\/argentinamunicipal.com.ar\/argentina\/wp-json\/wp\/v2\/media?parent=55947"}],"wp:term":[{"taxonomy":"category","embeddable":true,"href":"http:\/\/argentinamunicipal.com.ar\/argentina\/wp-json\/wp\/v2\/categories?post=55947"},{"taxonomy":"post_tag","embeddable":true,"href":"http:\/\/argentinamunicipal.com.ar\/argentina\/wp-json\/wp\/v2\/tags?post=55947"}],"curies":[{"name":"wp","href":"https:\/\/api.w.org\/{rel}","templated":true}]}}