{"id":55953,"date":"2016-11-15T06:00:02","date_gmt":"2016-11-15T09:00:02","guid":{"rendered":"http:\/\/argentinamunicipal.com.ar\/argentina\/?p=55953"},"modified":"2016-11-15T06:43:49","modified_gmt":"2016-11-15T09:43:49","slug":"proponen-crear-rosario-sistema-proteccion-los-ninos","status":"publish","type":"post","link":"http:\/\/argentinamunicipal.com.ar\/argentina\/proponen-crear-rosario-sistema-proteccion-los-ninos\/","title":{"rendered":"Proponen crear en Rosario un sistema de protecci\u00f3n de los ni\u00f1os"},"content":{"rendered":"<p>En el Concejo Municipal se comenz\u00f3 a discutir un proyecto que tiene por objetivo crear un sistema local de promoci\u00f3n y protecci\u00f3n integral de los derechos de ni\u00f1os, ni\u00f1as y adolescentes.<\/p>\n<p>En el Concejo Municipal se comenz\u00f3 a discutir un proyecto que tiene por objetivo crear un sistema local de promoci\u00f3n y protecci\u00f3n integral de los derechos de ni\u00f1os, ni\u00f1as y adolescentes.<\/p>\n<p>La iniciativa es impulsada por la concejala del bloque Compromiso con Rosario, Carola Nin, quien record\u00f3 que la necesidad de crear un organismo local de atenci\u00f3n a la infancia est\u00e1 establecido en la ley provincial N\u00ba12.697 (2009), y su implementaci\u00f3n hab\u00eda sido anunciada por la intendenta M\u00f3nica Fein en su discurso de apertura de sesiones de este a\u00f1o.<\/p>\n<p>En tal sentido, el 23 de septiembre Nin hab\u00eda solicitado que se le informara de qu\u00e9 manera se iba a implementar ese organismo, y hasta ayer no hab\u00eda obtenido respuesta.<\/p>\n<p>Por tal motivo, la semana pasada ingres\u00f3 un proyecto que propone la creaci\u00f3n de un sistema local integrado por las secretar\u00edas de Gobierno, Salud P\u00fablica, Cultura y Educaci\u00f3n, y Desarrollo Social.<\/p>\n<p>\u00abEl sistema que proponemos tiene por objeto dinamizar un mecanismo que est\u00e1 estancado hace a\u00f1os. La ley provincial de ni\u00f1ez (12.697) fue reglamentada en el a\u00f1o 2010, pero a\u00fan no tenemos ning\u00fan avance concreto respecto de la articulaci\u00f3n local que esa ley prev\u00e9. Y no es algo menor si pensamos en las distintas situaciones que ni\u00f1os y adolescentes atraviesan d\u00eda a d\u00eda, en especial aquellos que cuentan con menos recursos: maltrato, abusos, desatenci\u00f3n m\u00e9dica y problemas con la ley\u00bb, enumer\u00f3.<\/p>\n<p>En ese orden, record\u00f3 que \u00aben marzo, la intendenta se comprometi\u00f3 a crear el Servicio Local de Infancia y paralelamente a fortalecer el Programa Infantil Educativo en todos los centros de Convivencia Barrial y en otras entidades territoriales. Personalmente ingres\u00e9 un pedido de informes el 23 de septiembre y no obtuve respuestas. Ante esto, entiendo que desde el Concejo debemos actuar y avanzar con propuestas concretas para intervenir de inmediato en una problem\u00e1tica que requiere atenci\u00f3n urgente, pero que ni el gobierno provincial ni el municipal han puesto el foco como se necesita\u00bb, consider\u00f3.<\/p>\n<p>En detalle. El sistema local que propone Nin tendr\u00e1 por objetivo promover y proteger los derechos de todos los ni\u00f1os, ni\u00f1as y adolescentes de la ciudad, reconocidos en la Constituci\u00f3n nacional, los tratados y dem\u00e1s normas internacionales aplicables en la Rep\u00fablica; involucrar activamente al Estado municipal en la formulaci\u00f3n de las pol\u00edticas p\u00fablicas necesarias para cumplir con esos objetivos, articulando los programas y proyectos en las distintas \u00e1reas que abordan la tem\u00e1tica y con el Estado Provincial y Nacional; y generar espacios participativos para la adopci\u00f3n de las pol\u00edticas p\u00fablicas necesarias, promoviendo la constituci\u00f3n de organizaciones sociales y organismos que tengan por objeto la promoci\u00f3n y protecci\u00f3n de los derechos de las ni\u00f1as, ni\u00f1os y adolescentes.<\/p>\n<h6>Fuente: La Capital Rosario<\/h6>\n","protected":false},"excerpt":{"rendered":"<p>En el Concejo Municipal se comenz\u00f3 a discutir un proyecto que tiene por objetivo crear un sistema local de promoci\u00f3n y protecci\u00f3n integral de los derechos de ni\u00f1os, ni\u00f1as y adolescentes.<\/p>\n","protected":false},"author":2,"featured_media":55954,"comment_status":"closed","ping_status":"closed","sticky":false,"template":"","format":"standard","meta":{"footnotes":""},"categories":[2],"tags":[10],"class_list":["post-55953","post","type-post","status-publish","format-standard","has-post-thumbnail","hentry","category-informe-municipal","tag-santa-fe"],"_links":{"self":[{"href":"http:\/\/argentinamunicipal.com.ar\/argentina\/wp-json\/wp\/v2\/posts\/55953","targetHints":{"allow":["GET"]}}],"collection":[{"href":"http:\/\/argentinamunicipal.com.ar\/argentina\/wp-json\/wp\/v2\/posts"}],"about":[{"href":"http:\/\/argentinamunicipal.com.ar\/argentina\/wp-json\/wp\/v2\/types\/post"}],"author":[{"embeddable":true,"href":"http:\/\/argentinamunicipal.com.ar\/argentina\/wp-json\/wp\/v2\/users\/2"}],"replies":[{"embeddable":true,"href":"http:\/\/argentinamunicipal.com.ar\/argentina\/wp-json\/wp\/v2\/comments?post=55953"}],"version-history":[{"count":0,"href":"http:\/\/argentinamunicipal.com.ar\/argentina\/wp-json\/wp\/v2\/posts\/55953\/revisions"}],"wp:featuredmedia":[{"embeddable":true,"href":"http:\/\/argentinamunicipal.com.ar\/argentina\/wp-json\/wp\/v2\/media\/55954"}],"wp:attachment":[{"href":"http:\/\/argentinamunicipal.com.ar\/argentina\/wp-json\/wp\/v2\/media?parent=55953"}],"wp:term":[{"taxonomy":"category","embeddable":true,"href":"http:\/\/argentinamunicipal.com.ar\/argentina\/wp-json\/wp\/v2\/categories?post=55953"},{"taxonomy":"post_tag","embeddable":true,"href":"http:\/\/argentinamunicipal.com.ar\/argentina\/wp-json\/wp\/v2\/tags?post=55953"}],"curies":[{"name":"wp","href":"https:\/\/api.w.org\/{rel}","templated":true}]}}