{"id":55987,"date":"2016-11-15T06:00:36","date_gmt":"2016-11-15T09:00:36","guid":{"rendered":"http:\/\/argentinamunicipal.com.ar\/argentina\/?p=55987"},"modified":"2016-11-15T07:54:22","modified_gmt":"2016-11-15T10:54:22","slug":"ya-se-perdieron-mas-4-000-empleos-sector-textil","status":"publish","type":"post","link":"http:\/\/argentinamunicipal.com.ar\/argentina\/ya-se-perdieron-mas-4-000-empleos-sector-textil\/","title":{"rendered":"Ya se perdieron m\u00e1s de 4.000 empleos en el sector textil"},"content":{"rendered":"<p>Se perdieron 4120 empleos formales en el a\u00f1o. Es a causa de \u201cla apertura indiscriminada de importaciones\u201d y de la baja en las ventas por la ca\u00edda del poder adquisitivo.<\/p>\n<p>Con 2100 despedidos, el Sindicato de Empleados Textiles de la Industria y Afines (Setia) es el m\u00e1s afectado, ya que sus asociados son supervisores y capataces de los otros tres gremios del tramo industrial de esta cadena de valor, aseguraron las fuentes consultadas por T\u00e9lam en alusi\u00f3n a la Asociaci\u00f3n Obrera Textil (AOT), la Federaci\u00f3n Obrera de la Industria del Vestido y Afines (Foniva) y la Uni\u00f3n de Cortadores de la Indumentaria.<\/p>\n<p>Para el secretario general de Setia, Mauricio Anchava, \u00ablas importaciones que est\u00e1n entrando hoy al pa\u00eds en forma indiscriminada est\u00e1n matando a la industria textil y de la indumentaria\u201d.<\/p>\n<p>\u00abEsto y la baja de las ventas est\u00e1n provocando los despidos, las suspensiones, adelantos de vacaciones y la desaparici\u00f3n de las horas extras,\u201d resumi\u00f3 ante la consulta de esta agencia.<\/p>\n<p>A su vez. el secretario general electo de la AOT, Hugo Ben\u00edtez, inform\u00f3 a T\u00e9lam que entre enero y el 31 de octubre pasados perdi\u00f3 a 1900 de sus representados en todo el pa\u00eds.<\/p>\n<p>\u00abEstamos en los 1900, sin contar los que est\u00e1n en conflicto en Comodoro Rivadavia que por ahora est\u00e1n adentro,\u201d dijo Ben\u00edtez en alusi\u00f3n a los 280 trabajadores de la textil Guilford que en septiembre dej\u00f3 de pagar los sueldos y est\u00e1 en concurso de acreedores.<\/p>\n<p>En cambio, el titular de la Federaci\u00f3n Obrera de la Industria del Vestido y Afines (Foniva) Romildo Ran\u00fa se neg\u00f3 a informar sobre la situaci\u00f3n de los obreros de la indumentaria en todo el territorio nacional. Tambi\u00e9n est\u00e1n bajo su \u00f3rbita los trabajadores de las provincias de la Uni\u00f3n de Cortadores de la Indumentaria.<\/p>\n<p>El secretario gremial del Sindicato de Obreros de la Industria del Vestido y Afines (Soiva), filial porte\u00f1a y del conurbano del Foniva, Jorge Rojas, neg\u00f3 que haya despidos masivos por falta de trabajo, aunque admiti\u00f3 30 cesant\u00edas en la zona sur del Gran Buenos Aires y otros 10 en la Capital Federal.<\/p>\n<p>Por su parte, el l\u00edder de la Uni\u00f3n de Cortadores de la Indumentaria, Heraldo Mage, denunci\u00f3 80 despidos formales en los diez primeros meses del a\u00f1o, al se\u00f1alar que \u00abson los que pudimos registrar porque vinieron al sindicato, pero seguramente hay muchos otros que no sabemos.\u201d<\/p>\n<p>\u00abSomos el gremio m\u00e1s chico de los cuatro de esta cadena, porque representamos a los modelistas, dise\u00f1adores y cortadores y de lo \u00faltimo que se desprenden en las empresas es de las personas que saben dise\u00f1ar,\u201d explic\u00f3 el dirigente sindical.<\/p>\n<p>Dijo tambi\u00e9n que \u00abhay empresarios con vocaci\u00f3n por mantener con esfuerzos a los modelistas, pero otros descentralizan con modelistas de computaci\u00f3n que trabajan desde sus casas, rompiendo as\u00ed toda relaci\u00f3n laboral.\u201d<\/p>\n<p>Por \u00faltimo, Mage consider\u00f3 que hay una tendencia hacia la \u00abprecarizaci\u00f3n laboral\u201d y que \u00abhay menos trabajo por la apertura de las importaciones y la baja del consumo porque la gente perdi\u00f3 mucho poder adquisitivo\u201d.<\/p>\n<h6>Fuente: El Ancasti<\/h6>\n","protected":false},"excerpt":{"rendered":"<p>Se perdieron 4120 empleos formales en el a\u00f1o. Es a causa de \u201cla apertura indiscriminada de importaciones\u201d y de la baja en las ventas por la ca\u00edda del poder adquisitivo.<\/p>\n","protected":false},"author":2,"featured_media":55988,"comment_status":"closed","ping_status":"closed","sticky":false,"template":"","format":"standard","meta":{"footnotes":""},"categories":[8],"tags":[21],"class_list":["post-55987","post","type-post","status-publish","format-standard","has-post-thumbnail","hentry","category-informe-nacional","tag-argentina"],"_links":{"self":[{"href":"http:\/\/argentinamunicipal.com.ar\/argentina\/wp-json\/wp\/v2\/posts\/55987","targetHints":{"allow":["GET"]}}],"collection":[{"href":"http:\/\/argentinamunicipal.com.ar\/argentina\/wp-json\/wp\/v2\/posts"}],"about":[{"href":"http:\/\/argentinamunicipal.com.ar\/argentina\/wp-json\/wp\/v2\/types\/post"}],"author":[{"embeddable":true,"href":"http:\/\/argentinamunicipal.com.ar\/argentina\/wp-json\/wp\/v2\/users\/2"}],"replies":[{"embeddable":true,"href":"http:\/\/argentinamunicipal.com.ar\/argentina\/wp-json\/wp\/v2\/comments?post=55987"}],"version-history":[{"count":0,"href":"http:\/\/argentinamunicipal.com.ar\/argentina\/wp-json\/wp\/v2\/posts\/55987\/revisions"}],"wp:featuredmedia":[{"embeddable":true,"href":"http:\/\/argentinamunicipal.com.ar\/argentina\/wp-json\/wp\/v2\/media\/55988"}],"wp:attachment":[{"href":"http:\/\/argentinamunicipal.com.ar\/argentina\/wp-json\/wp\/v2\/media?parent=55987"}],"wp:term":[{"taxonomy":"category","embeddable":true,"href":"http:\/\/argentinamunicipal.com.ar\/argentina\/wp-json\/wp\/v2\/categories?post=55987"},{"taxonomy":"post_tag","embeddable":true,"href":"http:\/\/argentinamunicipal.com.ar\/argentina\/wp-json\/wp\/v2\/tags?post=55987"}],"curies":[{"name":"wp","href":"https:\/\/api.w.org\/{rel}","templated":true}]}}