{"id":55990,"date":"2016-11-15T06:00:46","date_gmt":"2016-11-15T09:00:46","guid":{"rendered":"http:\/\/argentinamunicipal.com.ar\/argentina\/?p=55990"},"modified":"2016-11-15T07:57:47","modified_gmt":"2016-11-15T10:57:47","slug":"catamarca-intendentes-del-valle-central-firmaron-acuerdo-obras-viales","status":"publish","type":"post","link":"http:\/\/argentinamunicipal.com.ar\/argentina\/catamarca-intendentes-del-valle-central-firmaron-acuerdo-obras-viales\/","title":{"rendered":"Catamarca: Intendentes del Valle Central firmaron acuerdo para obras viales"},"content":{"rendered":"<p>Los intendentes del Valle Central firmaron el \u00abAcuerdo Marco de Colaboraci\u00f3n\u201d para emplear de forma rec\u00edproca la planta elaboradora de asfalto (que pertenece al municipio capitalino), bienes e insumos. As\u00ed, se pretende potenciar el desarrollo vial y territorial.<\/p>\n<p>Los intendentes de Capital, Ra\u00fal Jalil, y de Valle Viejo, Gustavo Roque Jalile, sellaron la incorporaci\u00f3n de Fray Mamerto Esqui\u00fa (que gestiona Guillermo Ferreyra) al acuerdo de cooperaci\u00f3n que ambas comunas rubricaron en julio \u00faltimo.<\/p>\n<p>A trav\u00e9s del acuerdo la comuna capitalina pone a disposici\u00f3n su planta elaboradora de mezcla para asfalto, la que podr\u00e1n utilizar cuando lo precisen de acuerdo a la planificaci\u00f3n conjunta de trabajos que garantice la mayor utilidad para implementar obras de infraestructura vial de manera conjunta y planificada.<\/p>\n<p>Adem\u00e1s se estableci\u00f3 que la mencionada planta ser\u00e1 entregada en simple tenencia precaria a Valle Viejo, quien se ocupar\u00e1 de su puesta en funcionamiento, custodio y mantenimiento hasta que se requiera su devoluci\u00f3n.<\/p>\n<p>Los insumos en particular ser\u00e1n provistos por el municipio beneficiario del uso sin perjuicio que los municipios compartan la utilizaci\u00f3n de otros bienes e insumos (camiones, materiales, combustibles, personal) en car\u00e1cter de reciprocidad.<\/p>\n<p>En tanto, la comuna chacarera pone a disposici\u00f3n de los dem\u00e1s municipios la cantera de \u00e1ridos que le pertenece. De esta forma, podr\u00e1n acceder a su utilizaci\u00f3n de acuerdo al objeto y criterio del convenio.<\/p>\n<h6>Fuente: El Esquiu<\/h6>\n","protected":false},"excerpt":{"rendered":"<p>Los intendentes del Valle Central firmaron el \u00abAcuerdo Marco de Colaboraci\u00f3n\u201d para emplear de forma rec\u00edproca la planta elaboradora de asfalto (que pertenece al municipio capitalino), bienes e insumos.<\/p>\n","protected":false},"author":2,"featured_media":55991,"comment_status":"closed","ping_status":"closed","sticky":false,"template":"","format":"standard","meta":{"footnotes":""},"categories":[2],"tags":[16],"class_list":["post-55990","post","type-post","status-publish","format-standard","has-post-thumbnail","hentry","category-informe-municipal","tag-catamarca"],"_links":{"self":[{"href":"http:\/\/argentinamunicipal.com.ar\/argentina\/wp-json\/wp\/v2\/posts\/55990","targetHints":{"allow":["GET"]}}],"collection":[{"href":"http:\/\/argentinamunicipal.com.ar\/argentina\/wp-json\/wp\/v2\/posts"}],"about":[{"href":"http:\/\/argentinamunicipal.com.ar\/argentina\/wp-json\/wp\/v2\/types\/post"}],"author":[{"embeddable":true,"href":"http:\/\/argentinamunicipal.com.ar\/argentina\/wp-json\/wp\/v2\/users\/2"}],"replies":[{"embeddable":true,"href":"http:\/\/argentinamunicipal.com.ar\/argentina\/wp-json\/wp\/v2\/comments?post=55990"}],"version-history":[{"count":0,"href":"http:\/\/argentinamunicipal.com.ar\/argentina\/wp-json\/wp\/v2\/posts\/55990\/revisions"}],"wp:featuredmedia":[{"embeddable":true,"href":"http:\/\/argentinamunicipal.com.ar\/argentina\/wp-json\/wp\/v2\/media\/55991"}],"wp:attachment":[{"href":"http:\/\/argentinamunicipal.com.ar\/argentina\/wp-json\/wp\/v2\/media?parent=55990"}],"wp:term":[{"taxonomy":"category","embeddable":true,"href":"http:\/\/argentinamunicipal.com.ar\/argentina\/wp-json\/wp\/v2\/categories?post=55990"},{"taxonomy":"post_tag","embeddable":true,"href":"http:\/\/argentinamunicipal.com.ar\/argentina\/wp-json\/wp\/v2\/tags?post=55990"}],"curies":[{"name":"wp","href":"https:\/\/api.w.org\/{rel}","templated":true}]}}