{"id":55993,"date":"2016-11-15T08:00:50","date_gmt":"2016-11-15T11:00:50","guid":{"rendered":"http:\/\/argentinamunicipal.com.ar\/argentina\/?p=55993"},"modified":"2016-11-15T08:00:50","modified_gmt":"2016-11-15T11:00:50","slug":"lavagna-este-modelo-lo-tenido-los-militares-los-90-no-consigue-equidad-social","status":"publish","type":"post","link":"http:\/\/argentinamunicipal.com.ar\/argentina\/lavagna-este-modelo-lo-tenido-los-militares-los-90-no-consigue-equidad-social\/","title":{"rendered":"Lavagna: \u00abEste modelo lo hemos tenido con los militares y en los 90 y no consigue equidad social\u00bb"},"content":{"rendered":"<p>El exministro de Econom\u00eda critic\u00f3 tambi\u00e9n las ideas que ha puesto en pr\u00e1ctica el gobierno de Mauricio Macri. \u00abEstas pol\u00edticas no consiguen efectivamente dar resultados en t\u00e9rminos de un modelo de desarrollo con equidad social\u00bb, se\u00f1al\u00f3.<\/p>\n<p>El exministro de Econom\u00eda Roberto Lavagna dijo hoy que el modelo econ\u00f3mico que lleva adelante el gobierno \u00ablo hemos tenido con los militares y en los 90\u00bb, y asegur\u00f3 que \u00abno consigue resultados en t\u00e9rminos de desarrollo con equidad social\u00bb, al tiempo que advirti\u00f3 que \u00abendeudarse r\u00e1pidamente es f\u00e1cil\u00bb pero desendeudarse conlleva \u00abmuch\u00edsimo esfuerzo social\u00bb.<\/p>\n<p>\u00abYa hemos tenido este modelo, lo hemos tenido con los militares, lo hemos tenido en los 90. Estas pol\u00edticas no consiguen efectivamente dar resultados en t\u00e9rminos de un modelo de desarrollo con equidad social.<\/p>\n<p>Esperemos que haya tiempo de rectificaciones; el punto hoy es que lentamente nos hemos ido deslizando hacia una pol\u00edtica que ya vivimos\u00bb, dijo el economista en di\u00e1logo con radio La Red.<\/p>\n<p>Asimismo, se\u00f1al\u00f3 que \u00abcomo en los 70 y los 90, esa combinaci\u00f3n de tasa de inter\u00e9s muy alta, falta de competitividad por tipo de cambio, masa salarial d\u00e9bil y buscar endeudamiento para tirar para adelante no termina generando lo que uno espera de un programa econ\u00f3mico, que es aumento de la inversi\u00f3n, aumento de empleo y mejora de la masa salarial\u00bb.<\/p>\n<p>Desendeudarse cuesta much\u00edsimo, creo que los argentinos recordamos lo que cost\u00f3 sacarse esa piedra que hab\u00eda quedado en 2001. Cuesta much\u00edsimo esfuerzo social; en cambio aumentar la deuda muy r\u00e1pidamente cuesta muy poco. Los que ganan con este dinero son muy flexibles cuando les conviene y despu\u00e9s deja un efecto muy negativo\u00bb, enfatiz\u00f3.<\/p>\n<p>Por otra parte, dijo que \u00abpor el momento no hay\u00bb brotes verdes en la econom\u00eda, y consultado sobre si el modelo que lleva adelante el gobierno de Mauricio Macri es neoliberal ortodoxo se\u00f1al\u00f3: \u00ab\u00bfPara qu\u00e9 vamos a discutir qu\u00e9 etiqueta le ponemos?.<\/p>\n<p>Los datos est\u00e1n ah\u00ed, esta tasa de inter\u00e9s no permite la inversi\u00f3n y mucho menos a las pymes, esta falta de competitividad externa nos encierra m\u00e1s como econom\u00eda y el n\u00famero de argentinos en situaci\u00f3n de pobreza, lejos de bajar, ha tendido a subir\u00bb.<\/p>\n<p>\u00abEst\u00e1 bien, hab\u00eda que dar un tiempo y permitir que las pol\u00edticas se fueran definiendo pero ahora ya tenemos que empezar a mirar los resultados. Si lo pienso como un programa que debe crear desarrollo con equidad social hacen falta una serie de cambios importantes\u00bb, agreg\u00f3.<\/p>\n<p>Sobre la reciente elecci\u00f3n de Donald Trump como presidente de los Estados Unidos, Lavagna opin\u00f3 que \u00abhay que tener cuidado con usar factores externos como excusa. Argentina no est\u00e1 en la primera l\u00ednea de impacto de Trump, las cosas que ocurran en el pa\u00eds van a ser 80% de ra\u00edz estrictamente local y el resto externo\u00bb.<\/p>\n<p>Por \u00faltimo, sostuvo que \u00ab2017 no deber\u00eda ser peor que 2016, deber\u00eda ser mejor, va a haber alguna tasa de crecimiento positiva, lo \u00fanico que las cosas hay que ponerlas en su contexto; lo que se pueda crecer en 2017 va a ser para cubrir el bache que hubo en 2016, o sea el promedio es 0, y agregado a los cuatro a\u00f1os de no crecimiento del gobierno anterior, Argentina va a tener seis a\u00f1os sin crecimiento\u00bb.<\/p>\n<p>\u00abAdem\u00e1s, 2017 es un a\u00f1o electoral que siempre trae algunas pol\u00edticas de corto plazo que aflojan algunas situaciones, as\u00ed que podr\u00eda ser mejor\u00bb, concluy\u00f3 Lavagna.<\/p>\n","protected":false},"excerpt":{"rendered":"<p>El exministro de Econom\u00eda critic\u00f3 tambi\u00e9n las ideas que ha puesto en pr\u00e1ctica el gobierno de Mauricio Macri. \u00abEstas pol\u00edticas no consiguen efectivamente dar resultados en t\u00e9rminos de un modelo de desarrollo con equidad social\u00bb, se\u00f1al\u00f3.<\/p>\n","protected":false},"author":2,"featured_media":55994,"comment_status":"closed","ping_status":"closed","sticky":false,"template":"","format":"standard","meta":{"footnotes":""},"categories":[8],"tags":[21],"class_list":["post-55993","post","type-post","status-publish","format-standard","has-post-thumbnail","hentry","category-informe-nacional","tag-argentina"],"_links":{"self":[{"href":"http:\/\/argentinamunicipal.com.ar\/argentina\/wp-json\/wp\/v2\/posts\/55993","targetHints":{"allow":["GET"]}}],"collection":[{"href":"http:\/\/argentinamunicipal.com.ar\/argentina\/wp-json\/wp\/v2\/posts"}],"about":[{"href":"http:\/\/argentinamunicipal.com.ar\/argentina\/wp-json\/wp\/v2\/types\/post"}],"author":[{"embeddable":true,"href":"http:\/\/argentinamunicipal.com.ar\/argentina\/wp-json\/wp\/v2\/users\/2"}],"replies":[{"embeddable":true,"href":"http:\/\/argentinamunicipal.com.ar\/argentina\/wp-json\/wp\/v2\/comments?post=55993"}],"version-history":[{"count":0,"href":"http:\/\/argentinamunicipal.com.ar\/argentina\/wp-json\/wp\/v2\/posts\/55993\/revisions"}],"wp:featuredmedia":[{"embeddable":true,"href":"http:\/\/argentinamunicipal.com.ar\/argentina\/wp-json\/wp\/v2\/media\/55994"}],"wp:attachment":[{"href":"http:\/\/argentinamunicipal.com.ar\/argentina\/wp-json\/wp\/v2\/media?parent=55993"}],"wp:term":[{"taxonomy":"category","embeddable":true,"href":"http:\/\/argentinamunicipal.com.ar\/argentina\/wp-json\/wp\/v2\/categories?post=55993"},{"taxonomy":"post_tag","embeddable":true,"href":"http:\/\/argentinamunicipal.com.ar\/argentina\/wp-json\/wp\/v2\/tags?post=55993"}],"curies":[{"name":"wp","href":"https:\/\/api.w.org\/{rel}","templated":true}]}}