{"id":5601,"date":"2014-04-07T07:12:40","date_gmt":"2014-04-07T10:12:40","guid":{"rendered":"http:\/\/argentinamunicipal.com.ar\/argentina\/?p=5601"},"modified":"2014-04-06T10:15:58","modified_gmt":"2014-04-06T13:15:58","slug":"se-inauguro-en-trevelin-la-unidad-de-empleo-municipal","status":"publish","type":"post","link":"http:\/\/argentinamunicipal.com.ar\/argentina\/se-inauguro-en-trevelin-la-unidad-de-empleo-municipal\/","title":{"rendered":"Se inaugur\u00f3 en Trevelin la Unidad de Empleo Municipal"},"content":{"rendered":"<p><a href=\"http:\/\/argentinamunicipal.com.ar\/argentina\/wp-content\/uploads\/2014\/04\/533f74088c6dc_628_353.jpg\"><img loading=\"lazy\" decoding=\"async\" class=\"aligncenter size-full wp-image-5602\" alt=\"533f74088c6dc_628_353!\" src=\"http:\/\/argentinamunicipal.com.ar\/argentina\/wp-content\/uploads\/2014\/04\/533f74088c6dc_628_353.jpg\" width=\"628\" height=\"353\" srcset=\"http:\/\/argentinamunicipal.com.ar\/argentina\/wp-content\/uploads\/2014\/04\/533f74088c6dc_628_353.jpg 628w, http:\/\/argentinamunicipal.com.ar\/argentina\/wp-content\/uploads\/2014\/04\/533f74088c6dc_628_353-300x168.jpg 300w\" sizes=\"auto, (max-width: 628px) 100vw, 628px\" \/><\/a><br \/>\nEl acto estuvo encabezado por el intendente Juan Garitano y la directora de Empleo Nacional del Ministerio de Trabajo, Margarita Laria.<\/p>\n<p>La presentaci\u00f3n de la Unidad de Empleo se realiz\u00f3 en el Sal\u00f3n Central con el acompa\u00f1amiento de instituciones, juntas vecinales y j\u00f3venes de la localidad. El corte de cinta se realiz\u00f3 en las propias oficinas de la Unidad, ubicadas en Av. San Martin y John Daniel Evans.<\/p>\n<p>En el acto de inauguraci\u00f3n estuvieron presentes la gerente de Empleo y Capacitaci\u00f3n Laboral del Chubut del Ministerio de Trabajo, Empleo y Seguridad Social, Lic. Fernanda Novak y el Secretario de Gobierno y Coordinaci\u00f3n de Trevelin, Oscar Silva.<\/p>\n<p>En mayo de 2012 surgi\u00f3 la necesidad desde el Estado municipal de dar respuesta a la situaci\u00f3n del empleo local, mejorar las condiciones de empleabilidad y la inserci\u00f3n laboral de j\u00f3venes y adultos mayores de la localidad. En este sentido se cre\u00f3 la Coordinaci\u00f3n de la Unidad de Empleo a cargo de Alejandra Torres. Este nuevo proyecto municipal fue insertado a la sociedad y obtuvo una gran aceptaci\u00f3n por parte de los j\u00f3venes, la cual hoy vemos reflejada.<\/p>\n<p>Donde se realizan diferentes proyectos, capacitaciones, programas, talleres e inversiones municipales, provinciales y nacionales, este espacio brindar\u00e1 servicios tanto a las personas que buscan mejorar su inserci\u00f3n laboral, como a las empresas que necesitan contratar personal consiguiendo la vinculaci\u00f3n de la oferta laboral capacitada, con las demandas de recursos humanos del sector productivo.<\/p>\n<p>En este sentido, la Directora de Empleo Nacional del Ministerio de Trabajo Margarita Laria dijo que \u00abhoy estamos ac\u00e1 para celebrar la inauguraci\u00f3n de la Unidad de Empleo, me alegra mucho estar en esta inauguraci\u00f3n, esta unidad es de todos con el municipio a la cabeza que tuvo la decisi\u00f3n pol\u00edtica de hacerlo\u00bb Laria destac\u00f3 el \u00abacompa\u00f1amiento de las instituciones que es fundamental para este proyecto, para la generaci\u00f3n de empleo genuino. Por eso quiero destacar nuevamente la decisi\u00f3n pol\u00edtica del intendente Juan Garitano de crear este espacio para que se acerquen los j\u00f3venes y a los que trabajan en la Unidad de Empleo para tratar de mejorar la empleabilidad a trav\u00e9s de esta unidad\u00bb.<\/p>\n<h3>Nac\u00edon, Provincia y Municipio<\/h3>\n<p>En tanto el intendente de Trevelin, Juan Garitano manifest\u00f3 que \u00abeste es un acontecimiento muy importante para toda la localidad y sus parajes, la mejor manera de dar respuesta a los ciudadanos es cuando los Estados trabajan en conjunto \u2013 Naci\u00f3n, provincia y municipio, de esta manera logramos los objetivos mas all\u00e1 de la ideolog\u00eda pol\u00edtica, nosotros gobernamos para todos\u00bb, subray\u00f3.<\/p>\n<p>\u00abEsta unidad se va a consolidar en la comunidad que estar\u00e1 haciendo base sobre uno de los objetivos de cualquier ciudadano que es encontrar un trabajo digno para poder dignificar a su familia, tener calidad de vida y construir su etapa en la vida\u00bb, concluy\u00f3 Garitano En el acto, adem\u00e1s estuvieron presentes la Secretaria de Hacienda municipal, Laura Forti, la Secretaria de Turismo y Ambiente, Alexis Tiznado; la Secretaria de Cultura y Educaci\u00f3n, Susana Thomas, el Secretario de Obras Publicas, Rub\u00e9n Reyes; el Secretario de Deportes y Recreaci\u00f3n, Daniel Poza; el Director de Rentas, H\u00e9ctor Ingram; el Asesor Legal, Dr. Alejandro Gonzalez; el Director de Transito, Diego Pezzi; la Coordinadora del Servicio de Protecci\u00f3n de Derecho, Andrea Moriconi; la Coordinadora de la Unidad de Empleo de la Municipalidad de Trevelin, Alejandra Torres, el concejal, Jorge Posse (MV), el Presidente de la Junta Vecinal de Los Cipreses, Rafael Jaramillo; el Presidente de la Junta Vecinal de Aldea Escolar, Miguel Solis; Presidente de la Asociaci\u00f3n de Artesanos de Trevelin, M\u00f3nica Barrionuevo; el Presidente de la C\u00e1mara de Comercio, Producci\u00f3n, Industria y Afines, Mar\u00eda Paz Moller; el Presidente de la C\u00e1mara de Turismo, Marcelo Calomeni e integrantes de la Comisi\u00f3n de la Fiesta de la Torta al Rescoldo.<\/p>\n<h6>Fuente: El Chubut<\/h6>\n","protected":false},"excerpt":{"rendered":"<p>El acto estuvo encabezado por el intendente Juan Garitano y la directora de Empleo Nacional del Ministerio de Trabajo, Margarita Laria. La presentaci\u00f3n de la Unidad de Empleo se realiz\u00f3 en el Sal\u00f3n Central con el acompa\u00f1amiento de instituciones, juntas vecinales y j\u00f3venes de la localidad. El corte de cinta se realiz\u00f3 en las propias<\/p>\n","protected":false},"author":2,"featured_media":5602,"comment_status":"closed","ping_status":"closed","sticky":false,"template":"","format":"standard","meta":{"footnotes":""},"categories":[2],"tags":[14],"class_list":["post-5601","post","type-post","status-publish","format-standard","has-post-thumbnail","hentry","category-informe-municipal","tag-chubut"],"_links":{"self":[{"href":"http:\/\/argentinamunicipal.com.ar\/argentina\/wp-json\/wp\/v2\/posts\/5601","targetHints":{"allow":["GET"]}}],"collection":[{"href":"http:\/\/argentinamunicipal.com.ar\/argentina\/wp-json\/wp\/v2\/posts"}],"about":[{"href":"http:\/\/argentinamunicipal.com.ar\/argentina\/wp-json\/wp\/v2\/types\/post"}],"author":[{"embeddable":true,"href":"http:\/\/argentinamunicipal.com.ar\/argentina\/wp-json\/wp\/v2\/users\/2"}],"replies":[{"embeddable":true,"href":"http:\/\/argentinamunicipal.com.ar\/argentina\/wp-json\/wp\/v2\/comments?post=5601"}],"version-history":[{"count":0,"href":"http:\/\/argentinamunicipal.com.ar\/argentina\/wp-json\/wp\/v2\/posts\/5601\/revisions"}],"wp:featuredmedia":[{"embeddable":true,"href":"http:\/\/argentinamunicipal.com.ar\/argentina\/wp-json\/wp\/v2\/media\/5602"}],"wp:attachment":[{"href":"http:\/\/argentinamunicipal.com.ar\/argentina\/wp-json\/wp\/v2\/media?parent=5601"}],"wp:term":[{"taxonomy":"category","embeddable":true,"href":"http:\/\/argentinamunicipal.com.ar\/argentina\/wp-json\/wp\/v2\/categories?post=5601"},{"taxonomy":"post_tag","embeddable":true,"href":"http:\/\/argentinamunicipal.com.ar\/argentina\/wp-json\/wp\/v2\/tags?post=5601"}],"curies":[{"name":"wp","href":"https:\/\/api.w.org\/{rel}","templated":true}]}}