{"id":56012,"date":"2016-11-16T06:51:48","date_gmt":"2016-11-16T09:51:48","guid":{"rendered":"http:\/\/argentinamunicipal.com.ar\/argentina\/?p=56012"},"modified":"2016-11-16T07:00:30","modified_gmt":"2016-11-16T10:00:30","slug":"vecinos-indignados-remate-del-historico-acuario-villa-gesell-podrian-construir-hoteles","status":"publish","type":"post","link":"http:\/\/argentinamunicipal.com.ar\/argentina\/vecinos-indignados-remate-del-historico-acuario-villa-gesell-podrian-construir-hoteles\/","title":{"rendered":"Vecinos indignados por el remate del hist\u00f3rico Acuario de Villa Gesell: podr\u00edan construir hoteles"},"content":{"rendered":"<p>Finalmente se rematar\u00e1 el Acuario de Villa Gesell. Luego de que se conociera que la Municipalidad no puede afrontar los gastos de reparaci\u00f3n, la pr\u00f3xima iniciativa podr\u00eda recaer sobre inversiones privadas \u00bfqu\u00e9 dicen las ordenanzas vigentes?<\/p>\n<p>Una ordenanza municipal declar\u00f3 \u201cde inter\u00e9s patrimonial, hist\u00f3rico, cultural, arquitect\u00f3nico y tur\u00edstico el edificio\u201d<br \/>\nVecinos, concejales y ambientalistas de la zona, que ven\u00edan trabajando para recuperar este patrimonio hist\u00f3rico de la ciudad, se mostraron \u201clamentados\u201d en las \u00faltimas horas luego de que se formalizara el llamado a remate p\u00fablico del Acuario de Villa Gesell. \u201cLamentablemente rematan parte de la historia y del esfuerzo de vecinos por querer recuperar el ex acuario y transformarlo en algo mejor que un abandono de casi tres d\u00e9cadas\u201d, comentaron.<\/p>\n<p>Seg\u00fan consta en la orden judicial del Juzgado Nacional en lo Civil N\u00b02, el remate se llevar\u00e1 a cabo el pr\u00f3ximo 21 y se especifica que \u201cseg\u00fan las disposiciones del C\u00f3digo de Planeamiento de la ciudad la fracci\u00f3n es apta para la construcci\u00f3n de tres pisos\u201d y que \u201cel destino de la zona es vivienda multifamiliar y hoteler\u00eda\u201d por lo que se podr\u00eda desprender una futura construcci\u00f3n en este sentido.<\/p>\n<p>De todos modos, una ordenanza municipal declar\u00f3 \u201cde inter\u00e9s patrimonial, hist\u00f3rico, cultural, arquitect\u00f3nico y tur\u00edstico el edificio\u201d. En este sentido, la normativa local establece en su art\u00edculo tercero que \u201cse proh\u00edbe la demolici\u00f3n total o parcial y\/o modificaciones de la estructura original de dicho edificio\u201d que funcion\u00f3 entre los a\u00f1os 1971 y 1986.<\/p>\n<p>Seg\u00fan pudo saber este medio a trav\u00e9s de fuentes locales, la Municipalidad present\u00f3 una oferta de pago, antes de que se consumara la orden de remate, pero que el gerente de la banca institucional del Banco Provincia confirm\u00f3 que el Municipio no calificaba para asumir dicho compromiso. Por eso, finalmente, qued\u00f3 truncado el anhelo de los vecinos por arreglar este hist\u00f3rico lugar.<\/p>\n<p>Por otra parte, si bien la iniciativa suma numerosos descontentos, algunos consideran que las refacciones o remodelaciones podr\u00edan reactivar la econom\u00eda local.<\/p>\n<h6>Fuente: InfoCielo<\/h6>\n","protected":false},"excerpt":{"rendered":"<p>Finalmente se rematar\u00e1 el Acuario de Villa Gesell. Luego de que se conociera que la Municipalidad no puede afrontar los gastos de reparaci\u00f3n, la pr\u00f3xima iniciativa podr\u00eda recaer sobre inversiones privadas<\/p>\n","protected":false},"author":2,"featured_media":56013,"comment_status":"closed","ping_status":"closed","sticky":false,"template":"","format":"standard","meta":{"footnotes":""},"categories":[2],"tags":[12],"class_list":["post-56012","post","type-post","status-publish","format-standard","has-post-thumbnail","hentry","category-informe-municipal","tag-buenos-aires"],"_links":{"self":[{"href":"http:\/\/argentinamunicipal.com.ar\/argentina\/wp-json\/wp\/v2\/posts\/56012","targetHints":{"allow":["GET"]}}],"collection":[{"href":"http:\/\/argentinamunicipal.com.ar\/argentina\/wp-json\/wp\/v2\/posts"}],"about":[{"href":"http:\/\/argentinamunicipal.com.ar\/argentina\/wp-json\/wp\/v2\/types\/post"}],"author":[{"embeddable":true,"href":"http:\/\/argentinamunicipal.com.ar\/argentina\/wp-json\/wp\/v2\/users\/2"}],"replies":[{"embeddable":true,"href":"http:\/\/argentinamunicipal.com.ar\/argentina\/wp-json\/wp\/v2\/comments?post=56012"}],"version-history":[{"count":0,"href":"http:\/\/argentinamunicipal.com.ar\/argentina\/wp-json\/wp\/v2\/posts\/56012\/revisions"}],"wp:featuredmedia":[{"embeddable":true,"href":"http:\/\/argentinamunicipal.com.ar\/argentina\/wp-json\/wp\/v2\/media\/56013"}],"wp:attachment":[{"href":"http:\/\/argentinamunicipal.com.ar\/argentina\/wp-json\/wp\/v2\/media?parent=56012"}],"wp:term":[{"taxonomy":"category","embeddable":true,"href":"http:\/\/argentinamunicipal.com.ar\/argentina\/wp-json\/wp\/v2\/categories?post=56012"},{"taxonomy":"post_tag","embeddable":true,"href":"http:\/\/argentinamunicipal.com.ar\/argentina\/wp-json\/wp\/v2\/tags?post=56012"}],"curies":[{"name":"wp","href":"https:\/\/api.w.org\/{rel}","templated":true}]}}