{"id":56015,"date":"2016-11-16T06:54:22","date_gmt":"2016-11-16T09:54:22","guid":{"rendered":"http:\/\/argentinamunicipal.com.ar\/argentina\/?p=56015"},"modified":"2016-11-16T06:54:22","modified_gmt":"2016-11-16T09:54:22","slug":"las-cloacas-la-villa-olimpica-detras-la-inauguracion-trucha-macri-lanus","status":"publish","type":"post","link":"http:\/\/argentinamunicipal.com.ar\/argentina\/las-cloacas-la-villa-olimpica-detras-la-inauguracion-trucha-macri-lanus\/","title":{"rendered":"Las cloacas de la Villa Ol\u00edmpica, detr\u00e1s de la inauguraci\u00f3n \u00abtrucha\u00bb de Macri en Lan\u00fas"},"content":{"rendered":"<p>El exintendente de Lan\u00fas, Dar\u00edo D\u00edaz P\u00e9rez, denunci\u00f3 que la planta de AYSA que abri\u00f3 Macri ayer hab\u00eda sido inaugurada hace un a\u00f1o por CFK. Y vincul\u00f3 su puesta en marcha con la idea de traer residuos cloacales desde la Capital Federal.<\/p>\n<p>Gran parte de los medios retrataron ayer al Presidente Mauricio Macri inaugurando, junto a la gobernadora Mar\u00eda Eugenia Vidal, una planta de tratamiento cloacales en Lan\u00fas. Desde el gobierno nacional anunciaron que la inversi\u00f3n demand\u00f3 unos $264.444.827.<\/p>\n<p>Hoy, en di\u00e1logo con FM Cielo, Dar\u00edo D\u00edaz P\u00e9rez, asegur\u00f3 que dicha obra ya hab\u00eda sido inaugurada por la expresidente Cristina Fern\u00e1ndez durante 2015. \u00abLa planta la inauguramos nosotros el a\u00f1o pasado con Cristina Fern\u00e1ndez de Kirchner. El 9 de octubre del a\u00f1o pasado hicimos un acto cuando la obra estaba terminada\u00bb, apunt\u00f3 el dirigente justicialista de Lan\u00fas.<\/p>\n<p>Adem\u00e1s, el exalcalde sostuvo que \u00abno es una planta que hicieron ellos y no les correspond\u00eda inaugurarla\u00bb, al tiempo\u00a0\u00abnadie del gobierno se puso en contacto con nosotros, deben tener culpa o verg\u00fcenza\u00bb.<\/p>\n<p>D\u00edaz P\u00e9rez vincul\u00f3 la inauguraci\u00f3n \u00abtrucha\u00bb con la idea de volcar en Lan\u00fas los desechos cloacales provenientes de la VIlla Ol\u00edmpica que el gobierno porte\u00f1o inaugurar\u00e1 para albergar a los atletas que participar\u00e1n de los Juegos de la Juventud en 2018. \u00abLa villa ol\u00edmpica va a recibir 7 mil atletas, va a ser una cosa de mucho impacto positivo para Buenos Aires y es bienvenida. Pero como se olvidadon de dise\u00f1ar la planta de tratamiento para esa cantidad de habitantes, nos van a pasar a nosotros un ca\u00f1o para que se traten en Lan\u00fas\u00bb, denunci\u00f3.<\/p>\n<p>El senador bonaerense, que particip\u00f3 de las audiencias p\u00fablicas que se celebraron la semana pasada para discutir el tema, explic\u00f3 que \u00abdicen va a ser transitorio hasta que se construya un gran conducto a trav\u00e9s del Riachuelo \u2013el Colector Margen Izquierda- que va a terminar en la planta de Dock Sud y, a trav\u00e9s de un emiserio, vaya al r\u00edo de La Plata\u00bb.<\/p>\n<p>El problema, subray\u00f3, es que \u00abadem\u00e1s de la Villa Ol\u00edmpica, se va a urbanizar la villa 20, con 20 mil habitantes, y de all\u00ed tambi\u00e9n van a volcar residuos cloacales\u00bb, con lo cual la planta para la cual la municipalidad cedi\u00f3 tierras ser\u00e1 usufructuada por la Capital Federal. \u00abOtra vez el Conurbano va a financiar a Capital Federal, que tiene un presupuesto impresionante\u00bb, se lament\u00f3.<\/p>\n<h6>Fuente: InfoCielo<\/h6>\n","protected":false},"excerpt":{"rendered":"<p>El exintendente de Lan\u00fas, Dar\u00edo D\u00edaz P\u00e9rez, denunci\u00f3 que la planta de AYSA que abri\u00f3 Macri ayer hab\u00eda sido inaugurada hace un a\u00f1o por CFK. Y vincul\u00f3 su puesta en marcha con la idea de traer residuos cloacales desde la Capital Federal.<\/p>\n","protected":false},"author":2,"featured_media":56016,"comment_status":"closed","ping_status":"closed","sticky":false,"template":"","format":"standard","meta":{"footnotes":""},"categories":[2],"tags":[12],"class_list":["post-56015","post","type-post","status-publish","format-standard","has-post-thumbnail","hentry","category-informe-municipal","tag-buenos-aires"],"_links":{"self":[{"href":"http:\/\/argentinamunicipal.com.ar\/argentina\/wp-json\/wp\/v2\/posts\/56015","targetHints":{"allow":["GET"]}}],"collection":[{"href":"http:\/\/argentinamunicipal.com.ar\/argentina\/wp-json\/wp\/v2\/posts"}],"about":[{"href":"http:\/\/argentinamunicipal.com.ar\/argentina\/wp-json\/wp\/v2\/types\/post"}],"author":[{"embeddable":true,"href":"http:\/\/argentinamunicipal.com.ar\/argentina\/wp-json\/wp\/v2\/users\/2"}],"replies":[{"embeddable":true,"href":"http:\/\/argentinamunicipal.com.ar\/argentina\/wp-json\/wp\/v2\/comments?post=56015"}],"version-history":[{"count":0,"href":"http:\/\/argentinamunicipal.com.ar\/argentina\/wp-json\/wp\/v2\/posts\/56015\/revisions"}],"wp:featuredmedia":[{"embeddable":true,"href":"http:\/\/argentinamunicipal.com.ar\/argentina\/wp-json\/wp\/v2\/media\/56016"}],"wp:attachment":[{"href":"http:\/\/argentinamunicipal.com.ar\/argentina\/wp-json\/wp\/v2\/media?parent=56015"}],"wp:term":[{"taxonomy":"category","embeddable":true,"href":"http:\/\/argentinamunicipal.com.ar\/argentina\/wp-json\/wp\/v2\/categories?post=56015"},{"taxonomy":"post_tag","embeddable":true,"href":"http:\/\/argentinamunicipal.com.ar\/argentina\/wp-json\/wp\/v2\/tags?post=56015"}],"curies":[{"name":"wp","href":"https:\/\/api.w.org\/{rel}","templated":true}]}}