{"id":56018,"date":"2016-11-16T06:00:19","date_gmt":"2016-11-16T09:00:19","guid":{"rendered":"http:\/\/argentinamunicipal.com.ar\/argentina\/?p=56018"},"modified":"2016-11-16T06:59:43","modified_gmt":"2016-11-16T09:59:43","slug":"cerca-veinte-ciudades-unidas-la-vuelta-del-tren-organizan-otra-marcha-plaza-mayo","status":"publish","type":"post","link":"http:\/\/argentinamunicipal.com.ar\/argentina\/cerca-veinte-ciudades-unidas-la-vuelta-del-tren-organizan-otra-marcha-plaza-mayo\/","title":{"rendered":"Cerca de veinte ciudades unidas por la vuelta del tren organizan otra marcha a Plaza de Mayo"},"content":{"rendered":"<p>Representantes de 17 localidades realizaron una reuni\u00f3n multisectorial en las v\u00edas de la estaci\u00f3n de Sierra de la Ventana, donde qued\u00f3 conformada una entidad que buscar\u00e1 fortalecer las acciones de lucha por la reactivaci\u00f3n de los ramales suspendidos.<\/p>\n<p>Alrededor de 80 personas se reunieron el\u00a0s\u00e1bado pasado en Sierra de la Ventana, partido de Tornquist, en el marco de una Asamblea Multisectorial que busca el regreso del tren en varias localidades en las que el servicio fue suspendido.<\/p>\n<p>\u00abEs hist\u00f3rico porque hay representadas 17 localidades\u00bb, se\u00f1al\u00f3 V\u00edctor Amarilla, de la Comisi\u00f3n Salvemos al Tren, en di\u00e1logo con Buenos Aires Despierta. \u00abSe sesion\u00f3 haciendo un corte simb\u00f3lico en la v\u00eda y, por votaci\u00f3n, se hizo un corte del paso a nivel\u00bb.<\/p>\n<p>Adem\u00e1s, el ferroviario agreg\u00f3 que \u00abfue muy emocionante porque las personas bajaban de los veh\u00edculos y se sumaban al corte, o las personas que pasaban caminando tambi\u00e9n se sumaban\u00bb.<\/p>\n<p>A partir de la reuni\u00f3n, en la que participaron representantes de Punta Alta, Brandsen, Bah\u00eda Blanca, Pringles, Pig\u00fc\u00e9, Chascom\u00fas, entre otras localidades, se cre\u00f3 la Coordinadora Pueblos por el Tren, que tendr\u00e1 el trabajo de \u00abcoordinar a la mayor cantidad posible de los pueblos que tienen problema con los trenes no s\u00f3lo a nivel provincial sino tambi\u00e9n nacional\u00bb.<\/p>\n<p>Adem\u00e1s, organizaron asambleas para los pr\u00f3ximos meses y diversos eventos para continuar visibilizando la problem\u00e1tica, que culminar\u00e1n con otra marcha a Plaza de Mayo.<\/p>\n<h6>Fuente: InfoCielo<\/h6>\n","protected":false},"excerpt":{"rendered":"<p>Representantes de 17 localidades realizaron una reuni\u00f3n multisectorial en las v\u00edas de la estaci\u00f3n de Sierra de la Ventana, donde qued\u00f3 conformada una entidad que buscar\u00e1 fortalecer las acciones de lucha por la reactivaci\u00f3n de los ramales suspendidos.<\/p>\n","protected":false},"author":2,"featured_media":56019,"comment_status":"closed","ping_status":"closed","sticky":false,"template":"","format":"standard","meta":{"footnotes":""},"categories":[2],"tags":[12],"class_list":["post-56018","post","type-post","status-publish","format-standard","has-post-thumbnail","hentry","category-informe-municipal","tag-buenos-aires"],"_links":{"self":[{"href":"http:\/\/argentinamunicipal.com.ar\/argentina\/wp-json\/wp\/v2\/posts\/56018","targetHints":{"allow":["GET"]}}],"collection":[{"href":"http:\/\/argentinamunicipal.com.ar\/argentina\/wp-json\/wp\/v2\/posts"}],"about":[{"href":"http:\/\/argentinamunicipal.com.ar\/argentina\/wp-json\/wp\/v2\/types\/post"}],"author":[{"embeddable":true,"href":"http:\/\/argentinamunicipal.com.ar\/argentina\/wp-json\/wp\/v2\/users\/2"}],"replies":[{"embeddable":true,"href":"http:\/\/argentinamunicipal.com.ar\/argentina\/wp-json\/wp\/v2\/comments?post=56018"}],"version-history":[{"count":0,"href":"http:\/\/argentinamunicipal.com.ar\/argentina\/wp-json\/wp\/v2\/posts\/56018\/revisions"}],"wp:featuredmedia":[{"embeddable":true,"href":"http:\/\/argentinamunicipal.com.ar\/argentina\/wp-json\/wp\/v2\/media\/56019"}],"wp:attachment":[{"href":"http:\/\/argentinamunicipal.com.ar\/argentina\/wp-json\/wp\/v2\/media?parent=56018"}],"wp:term":[{"taxonomy":"category","embeddable":true,"href":"http:\/\/argentinamunicipal.com.ar\/argentina\/wp-json\/wp\/v2\/categories?post=56018"},{"taxonomy":"post_tag","embeddable":true,"href":"http:\/\/argentinamunicipal.com.ar\/argentina\/wp-json\/wp\/v2\/tags?post=56018"}],"curies":[{"name":"wp","href":"https:\/\/api.w.org\/{rel}","templated":true}]}}