{"id":56036,"date":"2016-11-16T06:00:18","date_gmt":"2016-11-16T09:00:18","guid":{"rendered":"http:\/\/argentinamunicipal.com.ar\/argentina\/?p=56036"},"modified":"2016-11-16T07:23:56","modified_gmt":"2016-11-16T10:23:56","slug":"san-luis-cobraria-impuesto-los-trabajadores-foraneos","status":"publish","type":"post","link":"http:\/\/argentinamunicipal.com.ar\/argentina\/san-luis-cobraria-impuesto-los-trabajadores-foraneos\/","title":{"rendered":"San Luis cobrar\u00eda un impuesto a los trabajadores for\u00e1neos"},"content":{"rendered":"<p>Alberto Rodr\u00edguez Sa\u00e1 impulsa el proyecto Registro del Empleo Puntano que pretende cobrarles a las empresas que contraten trabajadores no nacidos en la provincia.<\/p>\n<p>El gobernador de San Luis, Alberto Rodr\u00edguez Sa\u00e1, impulsa el proyecto de Registro del Empleo Puntano a trav\u00e9s del cual pretende que se cobre un impuesto a las empresas que contraten mano de obra de personas que no sean nacidas en la provincia.<\/p>\n<p>El Registro del Empleo Puntano es un proyecto de ley que pretende cobrar a las empresas radicadas en la provincia una tasa mensual del 10% por cada empleado que no sea de San Luis y tenga menos de cinco a\u00f1os de residencia.<\/p>\n<p>La norma dispone que \u00abtoda persona humana y\/o jur\u00eddica que al momento de la entrada en vigencia de la presente Ley, ostente la calidad de empleador, deber\u00e1 inscribirse en el Registro de Empleo Puntano\u201d, para lo cual otorga un plazo de 30 d\u00edas desde la aprobaci\u00f3n de este proyecto.<\/p>\n<p>Est\u00e1n exentos de realizar este registro el Estado nacional, provincial y municipal, sus dependencias y reparticiones aut\u00e1rquicas y descentralizadas, salvo cuando realicen operaciones industriales, comerciales, bancarias o de servicios a t\u00edtulo oneroso, y los empleadores del personal de servicio dom\u00e9stico.<\/p>\n<p>Seg\u00fan el proyecto \u00abtodo empleador deber\u00e1 abonar al registro, una tasa mensual equivalente al 10% de la remuneraci\u00f3n bruta mensual, por cada empleado en relaci\u00f3n de dependencia\u201d y except\u00faa al empleador \u00abde personal nacido en la provincia o que tenga como m\u00ednimo cinco a\u00f1os de residencia en la misma, al personal con especialidades de comprobada escasez en la provincia y a quienes se encontraran declarados al momento de entrada en vigencia de la presente ley\u201d.<\/p>\n<p>El dinero recaudado se utilizar\u00e1 para el \u00abpago de salarios de los servicios de salud, educaci\u00f3n y seguridad que presta el Estado provincial\u201d.<\/p>\n<h6>Fuente: Diario la Provincia<\/h6>\n","protected":false},"excerpt":{"rendered":"<p>Alberto Rodr\u00edguez Sa\u00e1 impulsa el proyecto Registro del Empleo Puntano que pretende cobrarles a las empresas que contraten trabajadores no nacidos en la provincia.<\/p>\n","protected":false},"author":2,"featured_media":56037,"comment_status":"closed","ping_status":"closed","sticky":false,"template":"","format":"standard","meta":{"footnotes":""},"categories":[65],"tags":[28],"class_list":["post-56036","post","type-post","status-publish","format-standard","has-post-thumbnail","hentry","category-provincias","tag-san-luis"],"_links":{"self":[{"href":"http:\/\/argentinamunicipal.com.ar\/argentina\/wp-json\/wp\/v2\/posts\/56036","targetHints":{"allow":["GET"]}}],"collection":[{"href":"http:\/\/argentinamunicipal.com.ar\/argentina\/wp-json\/wp\/v2\/posts"}],"about":[{"href":"http:\/\/argentinamunicipal.com.ar\/argentina\/wp-json\/wp\/v2\/types\/post"}],"author":[{"embeddable":true,"href":"http:\/\/argentinamunicipal.com.ar\/argentina\/wp-json\/wp\/v2\/users\/2"}],"replies":[{"embeddable":true,"href":"http:\/\/argentinamunicipal.com.ar\/argentina\/wp-json\/wp\/v2\/comments?post=56036"}],"version-history":[{"count":0,"href":"http:\/\/argentinamunicipal.com.ar\/argentina\/wp-json\/wp\/v2\/posts\/56036\/revisions"}],"wp:featuredmedia":[{"embeddable":true,"href":"http:\/\/argentinamunicipal.com.ar\/argentina\/wp-json\/wp\/v2\/media\/56037"}],"wp:attachment":[{"href":"http:\/\/argentinamunicipal.com.ar\/argentina\/wp-json\/wp\/v2\/media?parent=56036"}],"wp:term":[{"taxonomy":"category","embeddable":true,"href":"http:\/\/argentinamunicipal.com.ar\/argentina\/wp-json\/wp\/v2\/categories?post=56036"},{"taxonomy":"post_tag","embeddable":true,"href":"http:\/\/argentinamunicipal.com.ar\/argentina\/wp-json\/wp\/v2\/tags?post=56036"}],"curies":[{"name":"wp","href":"https:\/\/api.w.org\/{rel}","templated":true}]}}