{"id":56039,"date":"2016-11-16T07:26:17","date_gmt":"2016-11-16T10:26:17","guid":{"rendered":"http:\/\/argentinamunicipal.com.ar\/argentina\/?p=56039"},"modified":"2016-11-16T07:26:17","modified_gmt":"2016-11-16T10:26:17","slug":"toma-daca-apurar-la-reforma","status":"publish","type":"post","link":"http:\/\/argentinamunicipal.com.ar\/argentina\/toma-daca-apurar-la-reforma\/","title":{"rendered":"Un toma y daca para apurar la reforma"},"content":{"rendered":"<p>El Presidente recibi\u00f3 a seis mandatarios del peronismo y dos de fuerzas provinciales. La moneda de cambio fue el proyecto de reforma del Impuesto a las Ganancias, que ser\u00e1 enviado al Congreso en los pr\u00f3ximos d\u00edas. Se prorrogar\u00e1n las sesiones ordinarias.<\/p>\n<p>En busca de generar apoyo pol\u00edtico para aprobar su proyecto de reforma electoral, el presidente Mauricio Macri y el ministro del Interior, Rogelio Frigerio, se reunieron ayer con un grupo de ocho gobernadores de la oposici\u00f3n. La moneda de cambio con los mandatarios fue el proyecto de modificaci\u00f3n del Impuesto a las Ganancias, que finalmente el macrismo anunci\u00f3 que enviar\u00e1 al Congreso en los pr\u00f3ximos d\u00edas. \u201cEl objetivo de todos es que los argentinos puedan tener una manera m\u00e1s c\u00f3moda, m\u00e1s confiable, m\u00e1s r\u00e1pida de votar, a partir del 2017\u201d, dijo Frigerio en una conferencia de prensa posterior, de la que tambi\u00e9n participaron varios de los jefes provinciales. Adem\u00e1s, el ministro adelant\u00f3 que de no conseguir la sanci\u00f3n de la ley antes del fin de las sesiones ordinarias (el 30 de noviembre), el Ejecutivo pedir\u00e1 una pr\u00f3rroga para comenzar con la puesta en marcha del nuevo sistema antes de fin de a\u00f1o. De todas maneras, habr\u00e1 que ver como qu\u00e9 impacto tiene en el Congreso la foto de ayer junto al Presidente.<\/p>\n<p>Preocupados por los tiempos parlamentarios y ante la posibilidad de que un sector de la oposici\u00f3n termine por interferir en los planes del macrismo para imponer la Boleta \u00danica Electr\u00f3nica, el Gobierno comenz\u00f3 las negociaciones con los mandatarios provinciales. Es el mismo mecanismo que utiliz\u00f3 cuando necesit\u00f3 el respaldo de distintos senadores del PJ en otras leyes importantes como la de pago a los fondos buitre, que implic\u00f3 un fuerte endeudamiento para el Estado nacional.<\/p>\n<p>Los gobernadores que ayer estuvieron en la Residencia de Olivos representan a distintos sectores de la oposici\u00f3n pero todos mantienen una buena sinton\u00eda con la Casa Rosada. Del PJ estuvieron Juan Manuel Urtubey (Salta), Domingo Peppo (Chaco), Rosana Bertone (Tierra del Fuego), adem\u00e1s del vicegobernador de Entre R\u00edos, Ad\u00e1n Bahl (Gustavo Bordet se encuentra en Marruecos en una cumbre de cambio clim\u00e1tico),<br \/>\nTambi\u00e9n estuvieron los peronistas disidentes Juan Schiaretti (C\u00f3rdoba) y Mario Das Neves (Chubut) y los mandatarios de fuerzas provinciales como el rionegrino Alberto Weretilneck y el neuquino Omar Guti\u00e9rrez. Adem\u00e1s de Macri y Frigerio, de la reuni\u00f3n tambi\u00e9n participaron el secretario de Asuntos Pol\u00edticos, Adri\u00e1n P\u00e9rez y el secretario de Interior, Sebasti\u00e1n Garc\u00eda de Luca.<\/p>\n<p>En verdad, el impacto concreto de la reuni\u00f3n no ser\u00e1 tan grande como pretende el Gobierno. A muchos de esos mandatarios s\u00f3lo les responde un solo senador, cuando no ninguno, y en otros casos, como el de Salta, ya contaban con el apoyo a la iniciativa. El propio Urtubey lleva varios a\u00f1os utilizando el sistema de Boleta \u00danica Electr\u00f3nica en su provincia.<\/p>\n<p>En la conferencia de prensa, el ministro del Interior reconoci\u00f3 la \u201curgencia\u201d para \u201csacar el proyecto\u201d y dijo que se debe a que quieren \u201cvotar distinto en el 2017\u201d. \u201cM\u00e1s all\u00e1 de la tecnolog\u00eda, la capacitaci\u00f3n lleva su tiempo, y por eso el apuro de sacar la reforma cuanto antes\u201d, complet\u00f3. En su exposici\u00f3n, Frigerio dej\u00f3 entrever que la aplicaci\u00f3n podr\u00eda no realizarse en todo el pa\u00eds: \u201cEstamos discutiendo con los gobernadores para dejar la puerta abierta de que en alg\u00fan lugar se vote como se vota hoy\u201d, se\u00f1al\u00f3.<\/p>\n<p>No son pocos los gobernadores peronistas que por lo bajo expresan su preocupaci\u00f3n por las dificultades de log\u00edstica y de infraestructura que implica votar con el sistema electr\u00f3nico que plantea el oficialismo.<\/p>\n<p>Para tratar de neutralizar las duras cr\u00edticas de la comunidad de t\u00e9cnicos y expertos en seguridad inform\u00e1tica, Frigerio aclar\u00f3 que \u201cen el proyecto no se especifica la tecnolog\u00eda, no se est\u00e1 hablando del chip\u201d sino que \u201cse est\u00e1 hablando de una tecnolog\u00eda que permita un doble control, el electr\u00f3nico y el manual\u201d, sobre el escrutinio. \u201cLa tecnolog\u00eda espec\u00edfica para cada elecci\u00f3n tendr\u00e1 que ser aprobada y homologada por la C\u00e1mara Nacional Electoral, (por lo que) la Justicia ser\u00e1 la que d\u00e9 confianza en que el sistema que se proponga, ser\u00e1 el m\u00e1s seguro\u201d, argument\u00f3 el ministro. En paralelo, decenas de especialistas estaban ayer en el Senado alertando sobre las vulnerabilidades de la propuesta macrista (ver nota aparte).<\/p>\n<p>Con la cuenta regresiva entrando en su tramo final, Frigerio anunci\u00f3 finalmente que prorrogar\u00e1n las sesiones ordinarias, en caso de que (como es probable) se extienda el debate legislativo m\u00e1s all\u00e1 del 30 de noviembre: \u201cSi no llegamos con lo resta del mes (para aprobar la iniciativa), vamos a pedir una pr\u00f3rroga en las sesiones del Congreso, para sacarla antes de fin de a\u00f1o\u201d. M\u00e1s all\u00e1 del formato de votaci\u00f3n que termine aprob\u00e1ndose, en el Senado se descarta que se realizar\u00e1n modificaciones por lo que la iniciativa volver\u00e1 a Diputados antes de su sanci\u00f3n definitiva.<br \/>\nEn paralelo, Frigerio inform\u00f3 que presentar\u00e1n en el Congreso el proyecto de reforma del impuesto a las Ganancias, que hab\u00eda sido una promesa de campa\u00f1a y que se hab\u00eda anunciado en septiembre. Seg\u00fan el macrismo las demoras se produjeron debido a que se trata de un impuesto comparticipable y su eliminaci\u00f3n implicaba un duro golpe para las arcas provinciales. \u201cTen\u00edamos que ser responsables desde el punto de vista de las cuentas p\u00fablicas de la Naci\u00f3n y las provincias, y por eso el proyecto que se elevar\u00eda en los pr\u00f3ximos d\u00edas al Congreso contempla la necesidad de reforma en el impuesto, pero tambi\u00e9n la obligaci\u00f3n que tenemos los representantes de cada nivel de gobierno de cuidar los recursos de la gente\u201d, concluy\u00f3 Frigerio.<\/p>\n<h6>Fuente: P\u00e1gina 12<\/h6>\n","protected":false},"excerpt":{"rendered":"<p>El Presidente recibi\u00f3 a seis mandatarios del peronismo y dos de fuerzas provinciales. La moneda de cambio fue el proyecto de reforma del Impuesto a las Ganancias, que ser\u00e1 enviado al Congreso en los pr\u00f3ximos d\u00edas.<\/p>\n","protected":false},"author":2,"featured_media":56040,"comment_status":"closed","ping_status":"closed","sticky":false,"template":"","format":"standard","meta":{"footnotes":""},"categories":[8],"tags":[21],"class_list":["post-56039","post","type-post","status-publish","format-standard","has-post-thumbnail","hentry","category-informe-nacional","tag-argentina"],"_links":{"self":[{"href":"http:\/\/argentinamunicipal.com.ar\/argentina\/wp-json\/wp\/v2\/posts\/56039","targetHints":{"allow":["GET"]}}],"collection":[{"href":"http:\/\/argentinamunicipal.com.ar\/argentina\/wp-json\/wp\/v2\/posts"}],"about":[{"href":"http:\/\/argentinamunicipal.com.ar\/argentina\/wp-json\/wp\/v2\/types\/post"}],"author":[{"embeddable":true,"href":"http:\/\/argentinamunicipal.com.ar\/argentina\/wp-json\/wp\/v2\/users\/2"}],"replies":[{"embeddable":true,"href":"http:\/\/argentinamunicipal.com.ar\/argentina\/wp-json\/wp\/v2\/comments?post=56039"}],"version-history":[{"count":0,"href":"http:\/\/argentinamunicipal.com.ar\/argentina\/wp-json\/wp\/v2\/posts\/56039\/revisions"}],"wp:featuredmedia":[{"embeddable":true,"href":"http:\/\/argentinamunicipal.com.ar\/argentina\/wp-json\/wp\/v2\/media\/56040"}],"wp:attachment":[{"href":"http:\/\/argentinamunicipal.com.ar\/argentina\/wp-json\/wp\/v2\/media?parent=56039"}],"wp:term":[{"taxonomy":"category","embeddable":true,"href":"http:\/\/argentinamunicipal.com.ar\/argentina\/wp-json\/wp\/v2\/categories?post=56039"},{"taxonomy":"post_tag","embeddable":true,"href":"http:\/\/argentinamunicipal.com.ar\/argentina\/wp-json\/wp\/v2\/tags?post=56039"}],"curies":[{"name":"wp","href":"https:\/\/api.w.org\/{rel}","templated":true}]}}