{"id":56043,"date":"2016-11-16T07:00:34","date_gmt":"2016-11-16T10:00:34","guid":{"rendered":"http:\/\/argentinamunicipal.com.ar\/argentina\/?p=56043"},"modified":"2016-11-16T07:30:38","modified_gmt":"2016-11-16T10:30:38","slug":"mas-brotes-bosque-recesion","status":"publish","type":"post","link":"http:\/\/argentinamunicipal.com.ar\/argentina\/mas-brotes-bosque-recesion\/","title":{"rendered":"M\u00e1s que brotes, es un bosque de recesi\u00f3n"},"content":{"rendered":"<p>Por d\u00e9cimo mes consecutivo, en octubre se contrajo el consumo. Lo hizo 5,2 por ciento interanual y 0,5 contra el mes anterior, de acuerdo a la Fundaci\u00f3n Abdala. El indicador est\u00e1 en linea con otras mediciones de c\u00e1maras empresarias y de organismos oficiales.<\/p>\n<p>La crisis econ\u00f3mica que desencadenaron las pol\u00edticas de Cambiemos se agudiza mes tras mes. La Fundaci\u00f3n Germ\u00e1n Abdala advirti\u00f3 ayer que el consumo registr\u00f3 en octubre su mayor ca\u00edda del a\u00f1o, del 5,2 por ciento contra igual mes de 2015. Pero tanto o m\u00e1s preocupante que ello es que tambi\u00e9n se produjo un descenso contra septiembre pasado, del 0,5 por ciento en la medici\u00f3n que despeja cuestiones estacionales. Es decir, la demanda interna sigue retrocediendo, sin que factores que a esta altura del a\u00f1o supuestamente iban a traccionar hacia arriba, como las segundas cuotas de paritarias, consigan revertir la situaci\u00f3n. El Indicador Mensual del Consumo de la Fundaci\u00f3n anot\u00f3 en octubre su d\u00e9cima ca\u00edda consecutiva.<\/p>\n<p>Esta situaci\u00f3n del consumo se da por la persistencia de elevados niveles de inflaci\u00f3n, la fuerte ca\u00edda del poder adquisitivo y la eliminaci\u00f3n del rol contrac\u00edclico del gasto p\u00fablico, que tambi\u00e9n inciden en el retroceso generalizado en los indicadores vinculados a la producci\u00f3n. La Fundaci\u00f3n Abdala, un centro de estudios asociado a ATE Capital y UTE, advierte que \u201ca pesar de contraerse a un ritmo menor que el observado en el primer semestre del a\u00f1o, el consumo contin\u00faa deprimido y no consigue recuperar una tendencia positiva\u201d. El magro desempe\u00f1o en las ventas afecta la \u201clluvia de inversiones\u201d. En Argentina, la inversi\u00f3n privada depende de la evoluci\u00f3n de la demanda \u2013consumo y salarios\u2013 y no de la tasa de inter\u00e9s o el clima de negocios como sostiene la Casa Rosada.<\/p>\n<p>El dato que se conoci\u00f3 ayer coincide en la tendencia de retracci\u00f3n que muestran otros indicadores. Por ejemplo, las ventas de autos nacionales bajaron un 8,5 por ciento anual, mientras que la recaudaci\u00f3n del IVA DGI qued\u00f3 m\u00e1s de 20 puntos abajo en octubre en t\u00e9rminos reales. De acuerdo a la Confederaci\u00f3n de la Mediana Empresa (CAME), las ventas minoristas cayeron 8,2 por ciento anual el mes pasado, tambi\u00e9n un nivel mayor al de septiembre, cuando hab\u00eda sido de 7,7 por ciento. De acuerdo a ese mismo informe, el sector de los electrodom\u00e9sticos y art\u00edculos electr\u00f3nicos es uno de los m\u00e1s recesivos, con una baja del 17,3 por ciento; seguido por neum\u00e1ticos, con 15,7; ferreter\u00edas, con 11,8; y materiales para la construcci\u00f3n, con 10,8. Por su parte, el cr\u00e9dito real en pesos al sector privado tambi\u00e9n exhibi\u00f3 un desempe\u00f1o negativo del 16,6 por ciento anual.<\/p>\n<p>La ca\u00edda del consumo de los hogares es grave pero no afecta a todos por igual. Los sucesivos informes de la subsidiaria argentina de Kantar Worldpanel revelan que a lo largo de 2016, los sectores con elevados recursos no bajaron sus niveles de consumo, sino que lo aumentaron, mientras que los ubicados en el medio y en lo bajo de la pir\u00e1mide de ingresos lo redujeron, y mucho m\u00e1s los m\u00e1s desfavorecidos.<\/p>\n<p>La ca\u00edda del salario real fue estimada entre 10 y 12 puntos porcentuales para este a\u00f1o por las consultoras privadas, universidades p\u00fablicas y centros de monitoreo de los gremios y sindicatos m\u00e1s importantes del pa\u00eds.<br \/>\nPor ahora, una de las pocas reacciones del Gobierno frente a este panorama fue anunciar la continuidad del programa Ahora 12 y anticip\u00f3 que analiza extenderlo a 18 meses. Los rubros incluidos en el programa son: l\u00ednea blanca, indumentaria, calzado y marroquiner\u00eda, materiales para la construcci\u00f3n, muebles, bicicletas, motos, turismo, colchones, libros, anteojos recetados, art\u00edculos de librer\u00eda, juguetes y juegos de mesa y tel\u00e9fonos celulares 4G. \u201cRenovamos el programa porque demostr\u00f3 su eficacia en ampliar el acceso a bienes y servicios y dinamizar el consumo. Lo relanzamos para fortalecer el mercado interno\u201d, dijo el subsecretario de Comercio Interior.<\/p>\n<p>En cambio, la Anses anunci\u00f3 la baja del programa Argenta para jubilados, que impulsaba el consumo del sector con un programa de descuentos del 5 al 35 por ciento, que ya no estar\u00e1 vigente, as\u00ed como tambi\u00e9n dejar\u00e1 de emitirse el propio pl\u00e1stico. Quedar\u00e1 un plan de cr\u00e9ditos subsidiados, pero sin el impulso del resto del programa.<\/p>\n<h6>Fuente: P\u00e1gina 12<\/h6>\n","protected":false},"excerpt":{"rendered":"<p>Por d\u00e9cimo mes consecutivo, en octubre se contrajo el consumo. Lo hizo 5,2 por ciento interanual y 0,5 contra el mes anterior, de acuerdo a la Fundaci\u00f3n Abdala.<\/p>\n","protected":false},"author":2,"featured_media":56044,"comment_status":"closed","ping_status":"closed","sticky":false,"template":"","format":"standard","meta":{"footnotes":""},"categories":[8],"tags":[21],"class_list":["post-56043","post","type-post","status-publish","format-standard","has-post-thumbnail","hentry","category-informe-nacional","tag-argentina"],"_links":{"self":[{"href":"http:\/\/argentinamunicipal.com.ar\/argentina\/wp-json\/wp\/v2\/posts\/56043","targetHints":{"allow":["GET"]}}],"collection":[{"href":"http:\/\/argentinamunicipal.com.ar\/argentina\/wp-json\/wp\/v2\/posts"}],"about":[{"href":"http:\/\/argentinamunicipal.com.ar\/argentina\/wp-json\/wp\/v2\/types\/post"}],"author":[{"embeddable":true,"href":"http:\/\/argentinamunicipal.com.ar\/argentina\/wp-json\/wp\/v2\/users\/2"}],"replies":[{"embeddable":true,"href":"http:\/\/argentinamunicipal.com.ar\/argentina\/wp-json\/wp\/v2\/comments?post=56043"}],"version-history":[{"count":0,"href":"http:\/\/argentinamunicipal.com.ar\/argentina\/wp-json\/wp\/v2\/posts\/56043\/revisions"}],"wp:featuredmedia":[{"embeddable":true,"href":"http:\/\/argentinamunicipal.com.ar\/argentina\/wp-json\/wp\/v2\/media\/56044"}],"wp:attachment":[{"href":"http:\/\/argentinamunicipal.com.ar\/argentina\/wp-json\/wp\/v2\/media?parent=56043"}],"wp:term":[{"taxonomy":"category","embeddable":true,"href":"http:\/\/argentinamunicipal.com.ar\/argentina\/wp-json\/wp\/v2\/categories?post=56043"},{"taxonomy":"post_tag","embeddable":true,"href":"http:\/\/argentinamunicipal.com.ar\/argentina\/wp-json\/wp\/v2\/tags?post=56043"}],"curies":[{"name":"wp","href":"https:\/\/api.w.org\/{rel}","templated":true}]}}