{"id":56088,"date":"2016-11-17T06:51:48","date_gmt":"2016-11-17T09:51:48","guid":{"rendered":"http:\/\/argentinamunicipal.com.ar\/argentina\/?p=56088"},"modified":"2016-11-17T06:51:48","modified_gmt":"2016-11-17T09:51:48","slug":"definir-politicas-municipales-se-conformo-consejo-genero-rio-cuarto","status":"publish","type":"post","link":"http:\/\/argentinamunicipal.com.ar\/argentina\/definir-politicas-municipales-se-conformo-consejo-genero-rio-cuarto\/","title":{"rendered":"Para definir pol\u00edticas municipales, se conform\u00f3 el Consejo de G\u00e9nero en R\u00edo Cuarto"},"content":{"rendered":"<p>Junto a casi un centenar de organizaciones, se realiz\u00f3 el primer encuentro del ente que busca dar respuesta a problem\u00e1ticas como la violencia. Anunciaron un aumento del presupuesto para Mujer<\/p>\n<p>Con la presencia de casi un centenar de referentes de organizaciones, comenz\u00f3 a funcionar el Consejo Municipal de G\u00e9nero, desde donde se buscar\u00e1 definir pol\u00edticas p\u00fablicas para actuar contra problem\u00e1ticas como la violencia. En un Sal\u00f3n Blanco repleto de agrupaciones que act\u00faan a diario en diversas aristas de la tem\u00e1tica, los funcionarios que coordinan el espacio indicaron que habr\u00e1 un apoyo del Municipio a las medidas que all\u00ed se definan.<\/p>\n<p>Claudia M\u00e1rquez y Manuela Centeno, dos de las impulsoras de la iniciativa presentes en el encuentro, destacaron la amplia respuesta a la convocatoria.<\/p>\n<p>\u201cEsto habla de un af\u00e1n de construir un futuro para todas en espacios donde todav\u00eda tenemos obst\u00e1culos para conseguir nuestros derechos, civiles, laborales, pol\u00edticos\u201d, consider\u00f3 M\u00e1rquez.<\/p>\n<p>Por su parte, Centeno destac\u00f3 que fueron convocados todos los sectores que trabajan con la tem\u00e1tica y a todos los que luchan por los derechos de la mujer.<\/p>\n<p>\u201cSe piensa en trabajar con todas las \u00e1reas que tengan vinculaci\u00f3n. El tema de violencia nos preocupa a todos, por lo que es muy importante trabajar de manera transversal\u201d, sostuvo.<\/p>\n<p>Entre otros, estuvieron presentes representantes de la Polic\u00eda, de Juzgados Federales, de la Universidad Nacional desde su Observatorio de Derechos Humanos y desde el Consejo Social, del Obispado, entes municipales, sindicatos, clubes, organizaciones que trabajan con la tem\u00e1tica.<\/p>\n<p>\u201cEn este primer encuentro buscamos sondear las organizaciones que trabajan sobre el tema, para actualizar las bases de datos, y luego se abrir\u00e1 la convocatoria a la conformaci\u00f3n de comisiones\u201d, explic\u00f3 M\u00e1rquez, quien luego destac\u00f3: \u201cSe trata de una problem\u00e1tica pluricausal y la \u00fanica forma de abordarla es desde la multidisciplinariedad. Contaremos con muchas miradas, pero debemos encontrar la forma para conseguir los consensos que nos lleven a definir pol\u00edticas p\u00fablicas. El Consejo deber\u00e1, luego, controlar el cumplimiento de esas definiciones\u201d.<\/p>\n<p>&#8211; Desde el Colectivo Organizador de la Marcha #NiUnaMenos se cuestionaron los dichos de funcionarios municipales sobre la problem\u00e1tica de g\u00e9nero.<br \/>\n\u00bfDesde el Municipio se debe encarar la tem\u00e1tica?<br \/>\n&#8211; El Municipio tiene la obligaci\u00f3n y ya est\u00e1 trabajando. Cada uno tendr\u00e1 su enfoque de la situaci\u00f3n, pero de la emergencia estamos todos de acuerdo. La convocatoria de este Consejo es una muestra de que se busca trabajar desde el consenso para construir. Este es un primer encuentro que luego llevar\u00e1 a la pr\u00e1ctica.<\/p>\n<p>En debate<\/p>\n<p>Por su parte, el secretario de Gobierno Mauricio Dova abri\u00f3 el encuentro con las organizaciones y destac\u00f3 el aumento que se dar\u00e1 en el presupuesto para el \u00e1rea de la Munjer en 2017, que ser\u00e1 del 65%. \u201cEl anterior intendente (por Juan Jure) inaugur\u00f3 el refugio sin las condiciones b\u00e1sicas para funcionar\u201d, apunt\u00f3 el funcionario sobre aspectos que, consider\u00f3, se dejaron de lado en la gesti\u00f3n pasada.<\/p>\n<p>Indic\u00f3 que por orden del intendente Juan Llamosas, \u201cse pondr\u00e1n en marcha campa\u00f1as de concientizaci\u00f3n a partir del trabajo de este consejo\u201d, y complet\u00f3: \u201cHay que dejar de pensar al Estado como un espacio meramente declarativo y aportar a las mesas de trabajo con las organizaciones\u201d.<\/p>\n<p>Seg\u00fan el secretario de Gobierno municipal, \u201cla violencia es detestable, pero la violencia de g\u00e9nero es lo m\u00e1s aberrante para una sociedad que se busca definir como justa\u201d. En este sentido, asegur\u00f3 que \u201cel Estado no es el enemigo, debe ser motor para organizar la pelea contra la problem\u00e1tica\u201d.<\/p>\n<p>En el encuentro, que ofici\u00f3 como primera reuni\u00f3n para que se conocieran entre los participantes, cada referente de las agrupaciones indic\u00f3 brevemente c\u00f3mo abordan la problem\u00e1tica. A su momento, el grupo Las Mariposas, que integra el Colectivo Organizador de la Marcha #NiUnaMenos, se refiri\u00f3 a la necesidad de socializar la informaci\u00f3n sobre la problem\u00e1tica de la violencia de g\u00e9nero.<\/p>\n<p>Agustina Iglesias, integrante de la agrupaci\u00f3n, consider\u00f3: \u201cEl consejo de g\u00e9nero no debe pensar s\u00f3lo si hay un equipo id\u00f3neo trabajando en las \u00e1reas, porque el Estado tambi\u00e9n es perpetrador de la violencia. Es necesario fortalecer el trabajo territorial, las mujeres somos criadas en una sociedad donde se naturaliza la violencia\u201d.<\/p>\n<p>Y concluy\u00f3: \u201cDebe socializarse la informaci\u00f3n que se debate y actuar hacia adentro de instituciones como la Polic\u00eda, donde las mujeres acuden a buscar ayuda y vuelven a ser violentadas\u201d.<\/p>\n<h6>Fuente: El Puntal<\/h6>\n","protected":false},"excerpt":{"rendered":"<p>Junto a casi un centenar de organizaciones, se realiz\u00f3 el primer encuentro del ente que busca dar respuesta a problem\u00e1ticas como la violencia. Anunciaron un aumento del presupuesto para Mujer<\/p>\n","protected":false},"author":2,"featured_media":56089,"comment_status":"closed","ping_status":"closed","sticky":false,"template":"","format":"standard","meta":{"footnotes":""},"categories":[2],"tags":[3],"class_list":["post-56088","post","type-post","status-publish","format-standard","has-post-thumbnail","hentry","category-informe-municipal","tag-cordoba"],"_links":{"self":[{"href":"http:\/\/argentinamunicipal.com.ar\/argentina\/wp-json\/wp\/v2\/posts\/56088","targetHints":{"allow":["GET"]}}],"collection":[{"href":"http:\/\/argentinamunicipal.com.ar\/argentina\/wp-json\/wp\/v2\/posts"}],"about":[{"href":"http:\/\/argentinamunicipal.com.ar\/argentina\/wp-json\/wp\/v2\/types\/post"}],"author":[{"embeddable":true,"href":"http:\/\/argentinamunicipal.com.ar\/argentina\/wp-json\/wp\/v2\/users\/2"}],"replies":[{"embeddable":true,"href":"http:\/\/argentinamunicipal.com.ar\/argentina\/wp-json\/wp\/v2\/comments?post=56088"}],"version-history":[{"count":0,"href":"http:\/\/argentinamunicipal.com.ar\/argentina\/wp-json\/wp\/v2\/posts\/56088\/revisions"}],"wp:featuredmedia":[{"embeddable":true,"href":"http:\/\/argentinamunicipal.com.ar\/argentina\/wp-json\/wp\/v2\/media\/56089"}],"wp:attachment":[{"href":"http:\/\/argentinamunicipal.com.ar\/argentina\/wp-json\/wp\/v2\/media?parent=56088"}],"wp:term":[{"taxonomy":"category","embeddable":true,"href":"http:\/\/argentinamunicipal.com.ar\/argentina\/wp-json\/wp\/v2\/categories?post=56088"},{"taxonomy":"post_tag","embeddable":true,"href":"http:\/\/argentinamunicipal.com.ar\/argentina\/wp-json\/wp\/v2\/tags?post=56088"}],"curies":[{"name":"wp","href":"https:\/\/api.w.org\/{rel}","templated":true}]}}