{"id":56091,"date":"2016-11-17T07:00:22","date_gmt":"2016-11-17T10:00:22","guid":{"rendered":"http:\/\/argentinamunicipal.com.ar\/argentina\/?p=56091"},"modified":"2016-11-17T07:00:22","modified_gmt":"2016-11-17T10:00:22","slug":"la-emergencia-alimentaria-ya-se-cocina-congreso","status":"publish","type":"post","link":"http:\/\/argentinamunicipal.com.ar\/argentina\/la-emergencia-alimentaria-ya-se-cocina-congreso\/","title":{"rendered":"La Emergencia Alimentaria ya se cocina en el Congreso"},"content":{"rendered":"<p>La iniciativa propone aumentar la AUH un 15 por ciento y crear un mill\u00f3n de puestos de trabajo. Macri adelant\u00f3 que podr\u00eda vetarla.<\/p>\n<p>El Senado le dio media sanci\u00f3n ayer a la ley de Emergencia Social, impulsada por un amplio grupo de movimientos sociales y de organizaciones de trabajadores informales. La iniciativa cont\u00f3 el apoyo de practicamente toda la oposici\u00f3n. A favor votaron 45 senadores, incluidos el Frente para la Victoria-PJ, parte del peronismo federal, el GEN, el Movimiento Popular Neuquino, Proyecto Sur y hasta Magdalena Odarda, de la Coalici\u00f3n C\u00edvica. En contra, once senadores de Cambiemos y dos peronistas disidentes. El proyecto, que entre otras cosas establece el aumento del 15 por ciento en la Asignaci\u00f3n Universal por Hijo y de la asignaci\u00f3n por embarazo, pasar\u00e1 ahora a la C\u00e1mara baja, donde el oficialismo aprovechar\u00e1 la cercan\u00eda con el fin de las sesiones ordinarias para obstaculizar su sanci\u00f3n. De aprobarse, en el Gobierno ya especulan con la posibilidad de un segundo veto del presidente, Mauricio Macri, al igual que ocurri\u00f3 con la ley antidespidos.<\/p>\n<p>Casi sobre el cierre del a\u00f1o legislativo y con la situaci\u00f3n econ\u00f3mica y social en estado cr\u00edtico, la C\u00e1mara alta avanz\u00f3 con una iniciativa para paliar el ajuste sufrido por los sectores m\u00e1s vulnerables. La declaraci\u00f3n de Emergencia Social y Alimentaria se extender\u00eda por el plazo de un a\u00f1o en todo el pa\u00eds. Se promueve la creaci\u00f3n de un mill\u00f3n de nuevos empleos bajo el Programa Solidario de Ingreso Social con Trabajo y se constituye el Consejo de la Econom\u00eda Popular que intervendr\u00e1 en la fijaci\u00f3n de un salario social complementario. Adem\u00e1s se crear\u00e1 el Registro Nacional de la Econom\u00eda Popular (RENATREP) bajo la \u00f3rbita del Ministerio de Trabajo en el cual deber\u00e1n inscribirse todos los trabajadores de la Econom\u00eda Popular como requisito para percibir el salario social complementario.<\/p>\n<p>\u201cAquellos que realizan un trabajo deben ser considerados trabajadores y el camino que estamos haciendo con la media sanci\u00f3n de esta ley, es avanzar hacia ese lugar de una sociedad m\u00e1s justa, m\u00e1s igualitaria y m\u00e1s integrada\u201d, asegur\u00f3 ayer el senador Juan Manuel Abal Medina, uno de los firmantes de la iniciativa junto a Teresita Luna (Movimiento Evita) y Jaime Linares (GEN). Abal Medina calific\u00f3 la ley como \u201chist\u00f3rica\u201d ya que representa \u201cun paso muy importante para salir de la idea de los planes sociales y pasar a la idea del trabajo\u201d.<\/p>\n<p>Seg\u00fan c\u00e1lculos estimativos, el costo fiscal de la propuesta es de mil millones de pesos para diciembre y de aproximadamente otros once mil millones para el 2017. Para desactivar una de las cr\u00edticas que se le realizan desde el macrismo respecto del impacto negativo en las cuentas p\u00fablicas, se present\u00f3 en Diputados un proyecto de ley que busca gravar los plazos fijos, la miner\u00eda y el juego. De todas maneras, esta medida no avanz\u00f3 a\u00fan en la C\u00e1mara baja y el tiempo legislativo para su aprobaci\u00f3n se achica cada vez m\u00e1s.<\/p>\n<p>Desde Cambiemos el radical Luis Naidenoff sali\u00f3 al cruce: \u201cGenerar expectativas de crear un mill\u00f3n de puestos de trabajo no podemos hacerlo s\u00f3lo con el objeto de conseguir un t\u00edtulo de la emergencia\u201d, dispar\u00f3 el senador formose\u00f1o y dijo que la iniciativa es \u201cun cat\u00e1logo de buenas intenciones\u201d. \u201cSe puede decir que Diputados avance en impuestos al juego y a los plazos fijos o el giro de utilidades de empresas al exterior. Me parece bien, pero es el reino del rev\u00e9s\u201d, agreg\u00f3 y le apunt\u00f3 al kirchnerismo, al decir que \u201cnunca, en doce a\u00f1os, se quiso gravar al juego o a los plazos fijos\u201d.<\/p>\n<p>La senadora del PRO, Laura Rodr\u00edguez Machado, sugiri\u00f3 que la iniciativa responde a la b\u00fasqueda de apoyo de algunos senadores por parte de las organizaciones sociales. \u201cTenemos que gobernar no s\u00f3lo para aquellas organizaciones sociales que nos acompa\u00f1an y nos apoyan pol\u00edticamente. Las leyes tienen que ser universales\u201d, se\u00f1al\u00f3 Rodr\u00edguez Machado, quien sostuvo que las personas deben \u201ctener un trabajo digno y no esperar el apalancamiento del Estado\u201d. \u201c\u00bfAntes no hab\u00eda pobres ac\u00e1? Lo que no hab\u00eda eran estad\u00edsticas oficiales\u201d, agreg\u00f3 el salte\u00f1o Juan Carlos Romero, uno de los dos peronistas disidentes que junto a Roberto Basualdo vot\u00f3 en contra.<\/p>\n<p>Detr\u00e1s del proyecto se encuentra un importante colectivo de agrupaciones sociales que incluyen a la Confederaci\u00f3n de la Trabajadores de la Econom\u00eda Popular (CTEP), Barrios de Pie y la Corriente Clasista y Combativa (CCC). Estas organizaciones, junto a la CGT y otros sectores sindicales y pol\u00edticos como el Movimiento Evita encabezar\u00e1n ma\u00f1ana una manifestaci\u00f3n frente al Congreso para reclamar que se avance con la sanci\u00f3n definitiva en la C\u00e1mara de Diputados (ver nota aparte). Adem\u00e1s, el proyecto cuenta con el aval de la Iglesia Cat\u00f3lica. Varios de sus impulsores mantienen un flu\u00eddo v\u00ednculo con el Papa Francisco y participaron del \u00faltimo Encuentro Internacional de Movimientos Populares organizado en el Vaticano.<\/p>\n<p>De hecho, ayer varios senadores tomaron las palabras de Jorge Bergoglio en el cierre de aquel encuentro para fundamentar su posici\u00f3n favorable a la iniciativa. La peronista federal, Liliana Negre de Alonso, ley\u00f3 en el recinto parte de aquel discurso con las consignas tierra, techo y trabajo. \u201c\u00bfQu\u00e9 tiene de malo que el Congreso legisle sobre pol\u00edticas p\u00fablicas sociales?\u201d, pregunt\u00f3 Negre, en clara respuesta a las cr\u00edticas de Rodr\u00edguez Machado. Fernando \u201cPino\u201d Solanas, de Proyecto Sur, calific\u00f3 el proyecto como \u201cabsolutamente necesario\u201d y cuestion\u00f3 a los que plantearon que el Estado no puede enfrentar el costo de la medida. \u201cEs falso que no tenemos recursos, lo que tenemos es una grand\u00edsima insensibilidad social\u201d, complet\u00f3. Desde el kirchnerismo, la senadora Virginia Garc\u00eda tambi\u00e9n acompa\u00f1\u00f3 la iniciativa para reivindicar \u201cla lucha de las organizaciones sociales que lo promovieron\u201d. Sin embargo, advirti\u00f3 que la propuesta \u201cconsidera a nuestros compatriotas como beneficiarios y no como sujetos de derecho\u201d. Otros senadores como Jos\u00e9 Mayans o Graciela De la Rosa detallaron el fuerte impacto negativo de las pol\u00edticas adoptadas por Mauricio Macri en estos 11 meses de gesti\u00f3n.<\/p>\n<p>Ser\u00e1 ahora el turno de la C\u00e1mara baja. Seg\u00fan su reglamento tiene hasta el 20 de noviembre para emitir dictamen, por lo que los plazos est\u00e1n m\u00e1s que ajustados. La atenci\u00f3n estar\u00e1 depositada en la actitud que tomen el massismo y el Bloque Justicialista, que han actuado como aliados del oficialismo en varias oportunidades.<\/p>\n<h6>Fuente: P\u00e1gina 12<\/h6>\n","protected":false},"excerpt":{"rendered":"<p>La iniciativa propone aumentar la AUH un 15 por ciento y crear un mill\u00f3n de puestos de trabajo. Macri adelant\u00f3 que podr\u00eda vetarla.<\/p>\n","protected":false},"author":2,"featured_media":56092,"comment_status":"closed","ping_status":"closed","sticky":false,"template":"","format":"standard","meta":{"footnotes":""},"categories":[8],"tags":[21],"class_list":["post-56091","post","type-post","status-publish","format-standard","has-post-thumbnail","hentry","category-informe-nacional","tag-argentina"],"_links":{"self":[{"href":"http:\/\/argentinamunicipal.com.ar\/argentina\/wp-json\/wp\/v2\/posts\/56091","targetHints":{"allow":["GET"]}}],"collection":[{"href":"http:\/\/argentinamunicipal.com.ar\/argentina\/wp-json\/wp\/v2\/posts"}],"about":[{"href":"http:\/\/argentinamunicipal.com.ar\/argentina\/wp-json\/wp\/v2\/types\/post"}],"author":[{"embeddable":true,"href":"http:\/\/argentinamunicipal.com.ar\/argentina\/wp-json\/wp\/v2\/users\/2"}],"replies":[{"embeddable":true,"href":"http:\/\/argentinamunicipal.com.ar\/argentina\/wp-json\/wp\/v2\/comments?post=56091"}],"version-history":[{"count":0,"href":"http:\/\/argentinamunicipal.com.ar\/argentina\/wp-json\/wp\/v2\/posts\/56091\/revisions"}],"wp:featuredmedia":[{"embeddable":true,"href":"http:\/\/argentinamunicipal.com.ar\/argentina\/wp-json\/wp\/v2\/media\/56092"}],"wp:attachment":[{"href":"http:\/\/argentinamunicipal.com.ar\/argentina\/wp-json\/wp\/v2\/media?parent=56091"}],"wp:term":[{"taxonomy":"category","embeddable":true,"href":"http:\/\/argentinamunicipal.com.ar\/argentina\/wp-json\/wp\/v2\/categories?post=56091"},{"taxonomy":"post_tag","embeddable":true,"href":"http:\/\/argentinamunicipal.com.ar\/argentina\/wp-json\/wp\/v2\/tags?post=56091"}],"curies":[{"name":"wp","href":"https:\/\/api.w.org\/{rel}","templated":true}]}}