{"id":56097,"date":"2016-11-17T06:04:09","date_gmt":"2016-11-17T09:04:09","guid":{"rendered":"http:\/\/argentinamunicipal.com.ar\/argentina\/?p=56097"},"modified":"2016-11-17T07:11:22","modified_gmt":"2016-11-17T10:11:22","slug":"cae-empleo-registrado","status":"publish","type":"post","link":"http:\/\/argentinamunicipal.com.ar\/argentina\/cae-empleo-registrado\/","title":{"rendered":"Cae el empleo registrado"},"content":{"rendered":"<p>Seg\u00fan los registros de septiembre del sistema de Seguridad Social que lleva la AFIP, en lo que va de 2016 se perdieron 127.595 puestos de trabajo, lo que representa una ca\u00edda del 1,5 por ciento respecto al mismo per\u00edodo de 2015. En diciembre del a\u00f1o pasado hab\u00eda 8.096.281 trabajadores declarados y en septiembre la cifra cay\u00f3 a 7.968.686.<\/p>\n<p>En medio de un contexto de ajuste y recesi\u00f3n, los mayores retrocesos se dieron en la construcci\u00f3n, en las actividades administrativas y en la industria. De los pocos rubros que mostraron un alza, el que mayor creci\u00f3 fue la intermediaci\u00f3n financiera, que incorpor\u00f3 a 9420 empleados.<\/p>\n<h6>Fuente: P\u00e1gina 12<\/h6>\n","protected":false},"excerpt":{"rendered":"<p>Seg\u00fan los registros de septiembre del sistema de Seguridad Social que lleva la AFIP, en lo que va de 2016 se perdieron 127.595 puestos de trabajo, lo que representa una ca\u00edda del 1,5 por ciento respecto al mismo per\u00edodo de 2015. <\/p>\n","protected":false},"author":2,"featured_media":56098,"comment_status":"closed","ping_status":"closed","sticky":false,"template":"","format":"standard","meta":{"footnotes":""},"categories":[8],"tags":[21],"class_list":["post-56097","post","type-post","status-publish","format-standard","has-post-thumbnail","hentry","category-informe-nacional","tag-argentina"],"_links":{"self":[{"href":"http:\/\/argentinamunicipal.com.ar\/argentina\/wp-json\/wp\/v2\/posts\/56097","targetHints":{"allow":["GET"]}}],"collection":[{"href":"http:\/\/argentinamunicipal.com.ar\/argentina\/wp-json\/wp\/v2\/posts"}],"about":[{"href":"http:\/\/argentinamunicipal.com.ar\/argentina\/wp-json\/wp\/v2\/types\/post"}],"author":[{"embeddable":true,"href":"http:\/\/argentinamunicipal.com.ar\/argentina\/wp-json\/wp\/v2\/users\/2"}],"replies":[{"embeddable":true,"href":"http:\/\/argentinamunicipal.com.ar\/argentina\/wp-json\/wp\/v2\/comments?post=56097"}],"version-history":[{"count":0,"href":"http:\/\/argentinamunicipal.com.ar\/argentina\/wp-json\/wp\/v2\/posts\/56097\/revisions"}],"wp:featuredmedia":[{"embeddable":true,"href":"http:\/\/argentinamunicipal.com.ar\/argentina\/wp-json\/wp\/v2\/media\/56098"}],"wp:attachment":[{"href":"http:\/\/argentinamunicipal.com.ar\/argentina\/wp-json\/wp\/v2\/media?parent=56097"}],"wp:term":[{"taxonomy":"category","embeddable":true,"href":"http:\/\/argentinamunicipal.com.ar\/argentina\/wp-json\/wp\/v2\/categories?post=56097"},{"taxonomy":"post_tag","embeddable":true,"href":"http:\/\/argentinamunicipal.com.ar\/argentina\/wp-json\/wp\/v2\/tags?post=56097"}],"curies":[{"name":"wp","href":"https:\/\/api.w.org\/{rel}","templated":true}]}}