{"id":5611,"date":"2014-04-07T07:31:24","date_gmt":"2014-04-07T10:31:24","guid":{"rendered":"http:\/\/argentinamunicipal.com.ar\/argentina\/?p=5611"},"modified":"2014-04-06T10:35:33","modified_gmt":"2014-04-06T13:35:33","slug":"el-intendente-de-santa-rosa-pretende-que-el-mercado-municipal-este-antes-de-fin-de-ano","status":"publish","type":"post","link":"http:\/\/argentinamunicipal.com.ar\/argentina\/el-intendente-de-santa-rosa-pretende-que-el-mercado-municipal-este-antes-de-fin-de-ano\/","title":{"rendered":"El Intendente de Santa Rosa pretende que el mercado municipal est\u00e9 antes de fin de a\u00f1o"},"content":{"rendered":"<p><a href=\"http:\/\/argentinamunicipal.com.ar\/argentina\/wp-content\/uploads\/2014\/04\/molino.jpg\"><img loading=\"lazy\" decoding=\"async\" class=\"aligncenter size-full wp-image-5613\" alt=\"molino\" src=\"http:\/\/argentinamunicipal.com.ar\/argentina\/wp-content\/uploads\/2014\/04\/molino.jpg\" width=\"960\" height=\"720\" srcset=\"http:\/\/argentinamunicipal.com.ar\/argentina\/wp-content\/uploads\/2014\/04\/molino.jpg 960w, http:\/\/argentinamunicipal.com.ar\/argentina\/wp-content\/uploads\/2014\/04\/molino-300x225.jpg 300w\" sizes=\"auto, (max-width: 960px) 100vw, 960px\" \/><\/a><\/p>\n<p>Seg\u00fan el intendente, Luis Larra\u00f1aga, se intentar\u00e1 \u201carmar cooperativas de productores para que lleven a cabo la organizaci\u00f3n del mercado\u201d y buscar que los vecinos puedan acceder a producci\u00f3n loca, m\u00e1s barata y fresca.<\/p>\n<p>El intendente de Santa Rosa, Luis Larra\u00f1aga, afirm\u00f3 que pretende que el molino municipal que proyectan instalar en el exMolino Werner, comience a funcionar antes de fin de a\u00f1o.<\/p>\n<p>El jefe comunal sostuvo que pretenden \u201cformar espacios entre el municipio, el Ministerio de Agricultura y de Bienestar Social, ya que la idea es que antes de fin de a\u00f1o funcione el mercado municipal\u201d.<\/p>\n<p>Seg\u00fan el intendente, se intentar\u00e1 \u201carmar cooperativas de productores para que lleven a cabo la organizaci\u00f3n del mercado\u201d y buscar que los vecinos puedan acceder a producci\u00f3n loca, m\u00e1s barata y fresca.<\/p>\n<p>La ministra de Desarrollo Social llegar\u00eda para inaugurar la feria de productores patag\u00f3nicos. Desde su cartera pondr\u00e1 los materiales para la primera parte de la recuperaci\u00f3n del ex Molino Werner, mientras que el Ej\u00e9rcito ayudar\u00eda en las tareas de reparaci\u00f3n y puesta en valor del predio.<\/p>\n<p>Seg\u00fan cont\u00f3, Larra\u00f1aga se reuni\u00f3 esta semana con el jefe de Gabinete, Jorge Capitanich; y los ministros de Desarrollo Social, Alicia Kirchner, y de Defensa, Agust\u00edn Rossi, para avanzar, entre otros proyectos, con el proyecto de la puesta en marcha de una feria local y oficinas para actividades culturales en el edificio abandonado.<\/p>\n<p>Paralelamente al Primer Encuentro Patag\u00f3nico de Ferias Francas y Mercados Solidarios que comenz\u00f3 este s\u00e1bado, Larra\u00f1aga insisti\u00f3 con el proyecto.<\/p>\n<p>Desarrollo Social podr\u00eda apoyar a las cooperativas de trabajadores que se quieren conformar en la ciudad para funcionar en el Molino a trav\u00e9s de un Centro Integrador Comunitario (CIC). Son espacios p\u00fablicos de integraci\u00f3n comunitaria, construidos en todo el pa\u00eds, para el encuentro y la participaci\u00f3n de diferentes actores que trabajan de modo intersectorial y participativo para promover el desarrollo local en pos de la inclusi\u00f3n social y del mejoramiento de la calidad de vida de las comunidades.<\/p>\n<p>Seg\u00fan el municipio, la cartera de Kirchner ayudar\u00e1 en la reconstrucci\u00f3n del predio del Molino y ya comprometi\u00f3 los materiales para la primera etapa de la restauraci\u00f3n del lugar, que durante a\u00f1os sufri\u00f3 roturas e incendios intencionales. En tanto, el Ej\u00e9rcito tambi\u00e9n participar\u00e1 de la reparaci\u00f3n del espacio urbano, con la mano de obra de sus efectivos y con equipos y rodados de esa instituci\u00f3n.<\/p>\n<p>En alg\u00fan momento se baraj\u00f3 la idea de que el Mercado Central, a trav\u00e9s de su vicepresidente, Alberto Samid, vendiera productos para ayudar a los precios cuidados en la ciudad. Luego de la inmediata resistneica que gener\u00f3 ente los comerciantes locales, se habr\u00eda descartado y la propuesta ser\u00eda vender la producci\u00f3n local y, solo como complemento, con mercader\u00edas de afuera.<\/p>\n<h3>Descentralizaci\u00f3n<\/h3>\n<p>Por otro lado, el intendente anunci\u00f3 que mantendr\u00e1 una reuni\u00f3n con el gobernador Oscar Mario Jorge en lo que respecta al funcionamiento de la ley de descentralizaci\u00f3n. \u201cSe tratar\u00e1n lo relacionado a los fondos para cr\u00e9ditos, el mantenimiento de la red terciaria, en cuanto a mantenimiento de caminos vecinales\u201d, dijo.<\/p>\n<h3>Estatales<\/h3>\n<p>Por otra parte, Larra\u00f1aga se refiri\u00f3 al aumento de los trabajadores estatales. \u201cEn el mes de marzo de 2014 se recaud\u00f3 menos que en marzo de 2013. Nosotros hemos pagado todos los aumentos a los trabajadores pero no hemos podido pagar a los funcionarios. Debemos ser prudentes cuando se habla de aumentos ya que ello luego impacta en los municipios\u201d.<\/p>\n<h3>P\u00e9rdidas de agua<\/h3>\n<p>Adem\u00e1s, sobre las reiteradas p\u00e9rdidas de agua que se registran en la ciudad, dijo que \u201ctanto la red cloacal como la de agua potable son obsoletas en la ciudad por ello son las roturas\u201d. \u201cEl a\u00f1o pasado se implement\u00f3 una v\u00e1lvula de regulaci\u00f3n de presi\u00f3n ya que es lo que genera los da\u00f1os. Con el gran consumo hist\u00f3rico del a\u00f1o pasado nos quedamos sin agua y cuando volvi\u00f3 gener\u00f3 mucha presi\u00f3n\u201d, se\u00f1al\u00f3.<\/p>\n<p>\u201cHoy se trabaja para que el verano que viene no tengamos ese problema\u201d, insisti\u00f3. \u201cA ello se suma que tenemos rota la planta de asfalto ya que luego de arreglar las p\u00e9rdidas se debe arreglar la calle. Esperamos que esta semana ya comience a funcionar y trabajaremos junto a personal de Vialidad para tapar los baches y colocar asfalto en calles nuevas como es el caso de la calle Santa Cruz\u201d, agreg\u00f3.<\/p>\n<h3>Transporte<\/h3>\n<p>Finalmente, alab\u00f3 el funcionamiento de la empresa a cargo del transporte urbano, Autobuses Santa Fe. \u201cLa empresa est\u00e1 funcionando bien y la gente est\u00e1 muy conforme\u201d, asegur\u00f3.<\/p>\n<p>\u201cEn cuanto a las personas con discapacidad hay cinco colectivos con piso bajo y la combi est\u00e1 funcionando. Los piso super bajos en la ciudad no funcionan ya que hay 2.500 calles de tierra. Se trabaja en la instalaci\u00f3n de rampas\u201d, concluy\u00f3.<\/p>\n<h6>Fuente: El Diario de La Pampa<\/h6>\n","protected":false},"excerpt":{"rendered":"<p>Seg\u00fan el intendente, Luis Larra\u00f1aga, se intentar\u00e1 \u201carmar cooperativas de productores para que lleven a cabo la organizaci\u00f3n del mercado\u201d y buscar que los vecinos puedan acceder a producci\u00f3n loca, m\u00e1s barata y fresca. El intendente de Santa Rosa, Luis Larra\u00f1aga, afirm\u00f3 que pretende que el molino municipal que proyectan instalar en el exMolino Werner,<\/p>\n","protected":false},"author":2,"featured_media":5613,"comment_status":"closed","ping_status":"closed","sticky":false,"template":"","format":"standard","meta":{"footnotes":""},"categories":[2],"tags":[42],"class_list":["post-5611","post","type-post","status-publish","format-standard","has-post-thumbnail","hentry","category-informe-municipal","tag-la-pampa"],"_links":{"self":[{"href":"http:\/\/argentinamunicipal.com.ar\/argentina\/wp-json\/wp\/v2\/posts\/5611","targetHints":{"allow":["GET"]}}],"collection":[{"href":"http:\/\/argentinamunicipal.com.ar\/argentina\/wp-json\/wp\/v2\/posts"}],"about":[{"href":"http:\/\/argentinamunicipal.com.ar\/argentina\/wp-json\/wp\/v2\/types\/post"}],"author":[{"embeddable":true,"href":"http:\/\/argentinamunicipal.com.ar\/argentina\/wp-json\/wp\/v2\/users\/2"}],"replies":[{"embeddable":true,"href":"http:\/\/argentinamunicipal.com.ar\/argentina\/wp-json\/wp\/v2\/comments?post=5611"}],"version-history":[{"count":0,"href":"http:\/\/argentinamunicipal.com.ar\/argentina\/wp-json\/wp\/v2\/posts\/5611\/revisions"}],"wp:featuredmedia":[{"embeddable":true,"href":"http:\/\/argentinamunicipal.com.ar\/argentina\/wp-json\/wp\/v2\/media\/5613"}],"wp:attachment":[{"href":"http:\/\/argentinamunicipal.com.ar\/argentina\/wp-json\/wp\/v2\/media?parent=5611"}],"wp:term":[{"taxonomy":"category","embeddable":true,"href":"http:\/\/argentinamunicipal.com.ar\/argentina\/wp-json\/wp\/v2\/categories?post=5611"},{"taxonomy":"post_tag","embeddable":true,"href":"http:\/\/argentinamunicipal.com.ar\/argentina\/wp-json\/wp\/v2\/tags?post=5611"}],"curies":[{"name":"wp","href":"https:\/\/api.w.org\/{rel}","templated":true}]}}