{"id":56124,"date":"2016-11-17T05:52:11","date_gmt":"2016-11-17T08:52:11","guid":{"rendered":"http:\/\/argentinamunicipal.com.ar\/argentina\/?p=56124"},"modified":"2016-11-17T08:22:00","modified_gmt":"2016-11-17T11:22:00","slug":"advirtieron-se-perderan-10-mil-empleos-la-industria-informatica-se-eliminan-aranceles-la-importacion","status":"publish","type":"post","link":"http:\/\/argentinamunicipal.com.ar\/argentina\/advirtieron-se-perderan-10-mil-empleos-la-industria-informatica-se-eliminan-aranceles-la-importacion\/","title":{"rendered":"Advirtieron que se perder\u00e1n 10 mil empleos en la industria inform\u00e1tica si se eliminan aranceles a la importaci\u00f3n"},"content":{"rendered":"<p>La intenci\u00f3n oficial es que a partir de marzo de 2017, los aranceles para la importaci\u00f3n de computadoras, notebooks y tablets -productos inform\u00e1ticos terminados de todo tipo- pasen del actual 35% a 0.<\/p>\n<p>M\u00e1s de diez mil puestos de trabajo de la industria inform\u00e1tica podr\u00edan perderse, si prospera la intenci\u00f3n del Gobierno de reducir dr\u00e1sticamente los aranceles de importaci\u00f3n de computadoras, advirtieron hoy empresarios del sector.<\/p>\n<p>La intenci\u00f3n oficial es que a partir de marzo de 2017, los aranceles para la importaci\u00f3n de computadoras, notebooks y tablets -productos inform\u00e1ticos terminados de todo tipo- pasen del actual 35% a 0. Para el Poder Ejecutivo, la baja de aranceles puede lograr una reducci\u00f3n del 50% de los precios de venta al p\u00fablico.<\/p>\n<p>\u00abEso es t\u00e9cnicamente imposible. La incidencia del costo industrial argentino incide solo en el 4% del precio de producto al consumidor final\u00bb, alert\u00f3 el presidente de la Comisi\u00f3n de Electr\u00f3nica de la C\u00e1mara de Industrias Electr\u00f3nicas, Electromec\u00e1nicas y Luminot\u00e9cnicas (CADIEEL) Guillermo Freund.<\/p>\n<p>En di\u00e1logo con la agencia NA, el dirigente expres\u00f3 la \u00abenorme preocupaci\u00f3n de empresas y gremios (la Uni\u00f3n Obrera Metal\u00fargica) frente a la intenci\u00f3n del Gobierno de bajar aranceles a la importaci\u00f3n\u00bb.<\/p>\n<p>\u00abEsta noticia se conoce cuando todav\u00eda no fue convocada una mesa de trabajo que nos hab\u00eda sido prometida en agosto pasado por el ministro de Producci\u00f3n, Francisco Cabrera, para discutir la situaci\u00f3n del sector\u00bb, se quej\u00f3 Freund.<\/p>\n<p>A su criterio, \u00abse trata de una decisi\u00f3n unilateral del Poder Ejecutivo. Y por eso, decidimos recurrir a la opini\u00f3n p\u00fablica en busca de un espacio que de impulso a la puesta en marcha efectiva de esa mesa que prometi\u00f3 el ministro\u00bb.<\/p>\n<p>\u00abNosotros entendemos que a trav\u00e9s del di\u00e1logo podemos encontrar una soluci\u00f3n para nuestra industria, cuyo principal producto es la inform\u00e1tica\u00bb, enfatiz\u00f3.<\/p>\n<p>Los industriales locales quieren negociar una baja gradual de los aranceles de importaci\u00f3n, llev\u00e1ndolos al nivel del 16% que rige para el Mercosur, \u00abmientras se encuentran mecanismos que contribuyan a la baja de precios al p\u00fablico sin destruir trabajo argentino\u00bb, puntualiz\u00f3 Freund.<\/p>\n<p>\u00abEst\u00e1n queriendo destruir a una industria que abarca a un conjunto importante de recursos humanos altamente capacitados\u00bb, advirti\u00f3 el dirigente.<\/p>\n<p>Por su parte, el presidente de la Comisi\u00f3n de Inform\u00e1tica de la C\u00e1mara Argentina de M\u00e1quinas de Oficinas Comerciales (CAMOCA) Luis Szychowski, dijo a NA que \u00ablos funcionarios no conocen al sector, ni pueden ver lo que es bueno para el pa\u00eds\u00bb.<\/p>\n<p>\u00abBajar los aranceles es poner en riesgo a las empresas. Y lo que necesita el pa\u00eds es cuidar los puestos de trabajo. Esa es la clave\u00bb, resalt\u00f3.<\/p>\n<p>Empresarios y sindicalistas mantuvieron este mi\u00e9rcoles una reuni\u00f3n con diputados de la Comisi\u00f3n de Industria de la C\u00e1mara baja para discutir esta situaci\u00f3n.<\/p>\n<p>En este marco, una solicitada publicada tambi\u00e9n este mi\u00e9rcoles en matutinos porte\u00f1os, c\u00e1maras empresarias del sector alertaron que la brusca baja de aranceles provocar\u00eda el despido de personal \u00abocupado en grandes f\u00e1bricas y m\u00e1s de 4.500 pymes, armadores de PCs que ver\u00e1n en riesgo la continuidad de sus explotaciones por la baja de competitividad ante el crecimiento de los importados\u00bb.<\/p>\n<p>Adem\u00e1s, estimaron que el costo fiscal que tendr\u00eda una decisi\u00f3n de este tipo ser\u00e1 de 850 millones de pesos anuales, en concepto de percepci\u00f3n directa de aranceles aduaneros.<\/p>\n<h6>Fuente: Uno Mendoza<\/h6>\n","protected":false},"excerpt":{"rendered":"<p>La intenci\u00f3n oficial es que a partir de marzo de 2017, los aranceles para la importaci\u00f3n de computadoras, notebooks y tablets -productos inform\u00e1ticos terminados de todo tipo- pasen del actual 35% a 0.<\/p>\n","protected":false},"author":2,"featured_media":56142,"comment_status":"closed","ping_status":"closed","sticky":false,"template":"","format":"standard","meta":{"footnotes":""},"categories":[8],"tags":[21],"class_list":["post-56124","post","type-post","status-publish","format-standard","has-post-thumbnail","hentry","category-informe-nacional","tag-argentina"],"_links":{"self":[{"href":"http:\/\/argentinamunicipal.com.ar\/argentina\/wp-json\/wp\/v2\/posts\/56124","targetHints":{"allow":["GET"]}}],"collection":[{"href":"http:\/\/argentinamunicipal.com.ar\/argentina\/wp-json\/wp\/v2\/posts"}],"about":[{"href":"http:\/\/argentinamunicipal.com.ar\/argentina\/wp-json\/wp\/v2\/types\/post"}],"author":[{"embeddable":true,"href":"http:\/\/argentinamunicipal.com.ar\/argentina\/wp-json\/wp\/v2\/users\/2"}],"replies":[{"embeddable":true,"href":"http:\/\/argentinamunicipal.com.ar\/argentina\/wp-json\/wp\/v2\/comments?post=56124"}],"version-history":[{"count":0,"href":"http:\/\/argentinamunicipal.com.ar\/argentina\/wp-json\/wp\/v2\/posts\/56124\/revisions"}],"wp:featuredmedia":[{"embeddable":true,"href":"http:\/\/argentinamunicipal.com.ar\/argentina\/wp-json\/wp\/v2\/media\/56142"}],"wp:attachment":[{"href":"http:\/\/argentinamunicipal.com.ar\/argentina\/wp-json\/wp\/v2\/media?parent=56124"}],"wp:term":[{"taxonomy":"category","embeddable":true,"href":"http:\/\/argentinamunicipal.com.ar\/argentina\/wp-json\/wp\/v2\/categories?post=56124"},{"taxonomy":"post_tag","embeddable":true,"href":"http:\/\/argentinamunicipal.com.ar\/argentina\/wp-json\/wp\/v2\/tags?post=56124"}],"curies":[{"name":"wp","href":"https:\/\/api.w.org\/{rel}","templated":true}]}}