{"id":56146,"date":"2016-11-17T08:36:19","date_gmt":"2016-11-17T11:36:19","guid":{"rendered":"http:\/\/argentinamunicipal.com.ar\/argentina\/?p=56146"},"modified":"2016-11-17T08:36:19","modified_gmt":"2016-11-17T11:36:19","slug":"cambiaron","status":"publish","type":"post","link":"http:\/\/argentinamunicipal.com.ar\/argentina\/cambiaron\/","title":{"rendered":"Cambiaron"},"content":{"rendered":"<p>Para pensar la \u201cfoto\u201d de noviembre de 2016 podr\u00edamos forzar un poco la realidad y decir que probablemente el pa\u00eds sigue dividido en dos grandes universos sociales, o por lo menos simb\u00f3licos, sobre cuya cohesi\u00f3n y tama\u00f1o nos estamos preguntando a casi un a\u00f1o del ballotage.<\/p>\n<p>Y \u201cel 49 por ciento\u201d (apenas un poco menos enigm\u00e1tico que \u201cel 51\u201d) tal vez est\u00e9 sumergido en la perplejidad: las cosas fueron mucho m\u00e1s all\u00e1 de lo que tem\u00edamos.<\/p>\n<p>Si me apuran, durante la campa\u00f1a electoral de 2015 pens\u00e9 que exager\u00e1bamos un poco cuando alert\u00e1bamos contra los peligros del macrismo en el poder.<\/p>\n<p>Primero, porque francamente no cre\u00eda posible un triunfo de Macri. La derecha nunca hab\u00eda llegado por las urnas, y menos que menos esta derecha vecinal, capitalina, que carec\u00eda de estructuras propias en el resto del pa\u00eds y, sobre todo, en la estrat\u00e9gica provincia de Buenos Aires, la que define la elecci\u00f3n.<\/p>\n<p>Aunque admito que me inquietaban los altos n\u00fameros que las encuestas adjudicaban a Macri. Pero ten\u00eda el recurso a mano de pensar que las encuestas no son muy confiables y que la han pifiado m\u00e1s de una vez.<\/p>\n<p>No, no hab\u00eda forma de que Isidoro Ca\u00f1ones, tan porte\u00f1o, tan indiferente al Interior, cautivara a las provincias.<\/p>\n<p>Estaba claro que los grandes centros urbanos eran bien hostiles al kirchnerismo, pero en la presidencial de 2011 no alcanzaron para frenarlo. Intimamente, yo alertaba contra la derecha del PRO porque la derecha nunca les conviene a los trabajadores y a las mayor\u00edas. Incluso, me dec\u00eda, en el muy hipot\u00e9tico caso de que llegaran al poder no se atrever\u00edan a atropellar los grandes logros de la d\u00e9cada ganada porque para ellos ser\u00eda un suicidio pol\u00edtico.<\/p>\n<p>A\u00fan con la indefendible gesti\u00f3n del PRO en CABA en estos 8 a\u00f1os, creo que era imposible avizorar una derecha tan brutal como la que gobierna el pa\u00eds.<\/p>\n<p>Ahora, \u00bfpor qu\u00e9 seguir fastidi\u00e1ndose con los \u201cerrores de c\u00e1lculo\u201d un a\u00f1o despu\u00e9s de que el pa\u00eds cambiara de mando?<\/p>\n<p>Porque \u00a0creo que hay algo que no se entiende del presente.<\/p>\n<p>En CABA hab\u00edan aumentado aceleradamente los impuestos, s\u00ed, y mutiplicado el endeudamiento de la ciudad por cuatro. Reprimieron con dureza en algunos episodios. Incumplieron promesas como los diez km. de subte por a\u00f1o.<\/p>\n<p>Pero no tuvieron una pol\u00edtica arrolladora de empleos del Estado, persecusiones masivas de trabajadores y de cr\u00edticos del macrismo, ni, claro, una cruzada contra el kirchnerismo con una Justicia que todav\u00eda no controlaban.<\/p>\n<p>Quiero decir que esta derecha gobernando el pa\u00eds es bastante diferente de la que viene mandando en CABA, aunque sea su hija. Y eso me lleva a dos conclusiones:<\/p>\n<p>1) Si yo, ciudadano politizado y conectado por mi trabajo con la informaci\u00f3n, no alcanc\u00e9 a imaginarme la versi\u00f3n nacional de Macri, con toda probabilidad hubieron millones de sus votantes que tampoco lo previeron.<\/p>\n<p>2) Es necesario caracterizar adecuadamente a este otro actor que gobierna el pa\u00eds con una intensidad y alcance que nos deja perplejos.<\/p>\n<p>Hoy no es el PRO y sus aliados, sino una coalici\u00f3n mucho m\u00e1s poderosa y diversa. En ella opera una sinergia de partidos de centroderecha, el poder econ\u00f3mico, el medi\u00e1tico, el judicial, las corporaciones, ONG y fundaciones, la c\u00fapula de la Iglesia y las conducciones de DAIA y AMIA, adem\u00e1s de la presencia activa de las embajadas de Estados Unidos y de Israel.<\/p>\n<p>Es decir que estamos frente a un actor conjunto que tiene diversos n\u00facleos de poder. Y, consecuentemente, el alcance de sus pol\u00edticas se proyecta m\u00e1s all\u00e1, con el prop\u00f3sito de refundar las condiciones de los sectores econ\u00f3micos, del capital y el trabajo, la arquitectura social y legal del pa\u00eds, y su inserci\u00f3n en el mundo. Salvando distancias que, por fortuna, a\u00fan son enormes, este ser\u00eda el Proceso de Reorganizaci\u00f3n Nacional por otros medios.<\/p>\n<p>Por supuesto que estaban en germen en la experiencia de CABA muchos rasgos del macrismo pa\u00eds. Pero, obviamente, no ten\u00edan a su cargo la negociaci\u00f3n con los buitres ni el endeudamiento nacional, ni las relaciones exteriores, las pol\u00edticas impositivas, de seguridad, ni las pol\u00edticas agrarias e industriales, ni el mundo del trabajo y los salarios.<\/p>\n<p>En CABA no fueron tan brutales. Es cierto que tampoco ten\u00edan a su favor hasta entonces una derrota del FPV y su posterior dispersi\u00f3n.<\/p>\n<p>Este despiste sobre lo que har\u00eda la derecha en la casa Rosada me muestra lo f\u00e1cil que es confundirnos con las se\u00f1ales del entorno.<\/p>\n<p>Las propias dirigencias gremiales mostraban ante el gobierno de Cristina una independencia que hoy no asumen frente a Macri.<\/p>\n<p>En parte se explica porque no estaba en la naturaleza del gobierno anterior la amenaza sistem\u00e1tica. Hubiera sido contrario al esp\u00edritu de un gobierno que apoya a los trabajadores.<\/p>\n<p>En cambio, este gobierno est\u00e1 apoyado en los patrones y tiene un indisimulable tufillo anti-gremios.<br \/>\nAlgunas cosas eran previsibles: el ajuste, el giro radical en la negociaci\u00f3n con los buitres, las concesiones a los capitales exportadores, el frenazo a la Ley de Medios, el recorte a los recursos de las universidades y el sistema cient\u00edfico, el semi congelamiento en las pol\u00edticas de derechos humanos, y tambi\u00e9n una acci\u00f3n revanchista tal como lo esperaba una parte de sus votantes.<\/p>\n<p>Claramente, esto \u00faltimo se vio cuando comenzaron en enero de 2015 con la denuncia de Nisman, alentada por Bullrich y Alonso, asociando al gobierno kirchnerista con el terrorismo iran\u00ed y, de inmediato, cuando el consorcio brutal instal\u00f3 la idea de que CFK mand\u00f3 a matar al fiscal Nisman, hasta m\u00e1s tarde con el nombre del jefe de gabinete, An\u00edbal Fern\u00e1ndez, acus\u00e1ndolo del triple crimen ligado a la efedrina. En tres pasos esa oposici\u00f3n convert\u00eda al gobierno en c\u00f3mplice del terrorismo, asesino y socio del narcotr\u00e1fico, operaci\u00f3n que est\u00e1 en pleno desarrollo ahora que son gobierno.<\/p>\n<p>Y no se pod\u00eda ejecutar semejante campa\u00f1a de difamaci\u00f3n si el proyecto de llegar al poder se hubiera dirigido a pacificar al pa\u00eds.<\/p>\n<p>Pero no entraron en mis c\u00e1lculos la persecuci\u00f3n y despido de periodistas y de empleados p\u00fablicos con toda clase de acusaciones (\u201cmesi\u00e1nicos\u201d, \u201cfan\u00e1ticos kirchneristas\u201d, \u201cviolentos\u201d, \u201c\u00f1oquis\u201d), los descomunales tarifazos, los ataques a locales de la oposici\u00f3n, la prisi\u00f3n absurda de la dirigente Milagro Sala, la presi\u00f3n febril a la Justicia para llevar a la c\u00e1rcel a la ex presidenta, y, sobre todo, la feroz aplicaci\u00f3n de sus pol\u00edticas de desmantelamiento de las condiciones de vida de las mayor\u00edas y de los derechos adquiridos que, como se\u00f1al\u00f3 H\u00e9ctor Recalde, no tiene l\u00edmites.<\/p>\n<p>Estamos frente a un actor de mil cabezas distinto del que imagin\u00e1bamos, y con una ferocidad y capacidad de respuestas in\u00e9dita. Acaso un actor m\u00e1s parecido a la coalici\u00f3n que en 2008 encabez\u00f3 \u201cel campo\u201d y puso entre las cuerdas al gobierno de CFK. Un consorcio de poder con asistencia perfecta.<\/p>\n<p>Al mismo tiempo, Macri sabe que el PRO es una minor\u00eda cuya supervivencia en el gobierno depende de mantener dispersa a la oposici\u00f3n.<\/p>\n<p>Si es as\u00ed, entonces las respuestas del campo popular deber\u00e1n ser m\u00e1s firmes y articuladas que nunca. Quisiera encontrar una se\u00f1al de esa conciencia en la reuni\u00f3n que d\u00edas atr\u00e1s celebraron 50 intendentes peronistas en Lobos en la que se prometieron cajonear las diferencias en pos de la unidad de cara a 2017.<br \/>\nS\u00f3lo puedo decir que esta historia continuar\u00e1.<\/p>\n<p>Por: Jorge Halper\u00edn<\/p>\n<h6>Fuente: P\u00e1gina 12<\/h6>\n","protected":false},"excerpt":{"rendered":"<p>Para pensar la \u201cfoto\u201d de noviembre de 2016 podr\u00edamos forzar un poco la realidad y decir que probablemente el pa\u00eds sigue dividido en dos grandes universos sociales, o por lo menos simb\u00f3licos, sobre cuya cohesi\u00f3n y tama\u00f1o nos estamos preguntando a casi un a\u00f1o del ballotage.<\/p>\n","protected":false},"author":2,"featured_media":56147,"comment_status":"closed","ping_status":"closed","sticky":false,"template":"","format":"standard","meta":{"footnotes":""},"categories":[6],"tags":[21],"class_list":["post-56146","post","type-post","status-publish","format-standard","has-post-thumbnail","hentry","category-opiniones","tag-argentina"],"_links":{"self":[{"href":"http:\/\/argentinamunicipal.com.ar\/argentina\/wp-json\/wp\/v2\/posts\/56146","targetHints":{"allow":["GET"]}}],"collection":[{"href":"http:\/\/argentinamunicipal.com.ar\/argentina\/wp-json\/wp\/v2\/posts"}],"about":[{"href":"http:\/\/argentinamunicipal.com.ar\/argentina\/wp-json\/wp\/v2\/types\/post"}],"author":[{"embeddable":true,"href":"http:\/\/argentinamunicipal.com.ar\/argentina\/wp-json\/wp\/v2\/users\/2"}],"replies":[{"embeddable":true,"href":"http:\/\/argentinamunicipal.com.ar\/argentina\/wp-json\/wp\/v2\/comments?post=56146"}],"version-history":[{"count":0,"href":"http:\/\/argentinamunicipal.com.ar\/argentina\/wp-json\/wp\/v2\/posts\/56146\/revisions"}],"wp:featuredmedia":[{"embeddable":true,"href":"http:\/\/argentinamunicipal.com.ar\/argentina\/wp-json\/wp\/v2\/media\/56147"}],"wp:attachment":[{"href":"http:\/\/argentinamunicipal.com.ar\/argentina\/wp-json\/wp\/v2\/media?parent=56146"}],"wp:term":[{"taxonomy":"category","embeddable":true,"href":"http:\/\/argentinamunicipal.com.ar\/argentina\/wp-json\/wp\/v2\/categories?post=56146"},{"taxonomy":"post_tag","embeddable":true,"href":"http:\/\/argentinamunicipal.com.ar\/argentina\/wp-json\/wp\/v2\/tags?post=56146"}],"curies":[{"name":"wp","href":"https:\/\/api.w.org\/{rel}","templated":true}]}}