{"id":56149,"date":"2016-11-17T08:42:35","date_gmt":"2016-11-17T11:42:35","guid":{"rendered":"http:\/\/argentinamunicipal.com.ar\/argentina\/?p=56149"},"modified":"2016-11-17T08:42:35","modified_gmt":"2016-11-17T11:42:35","slug":"tolar-grande-se-realizara-ascenso-la-montana-sagrada-macon","status":"publish","type":"post","link":"http:\/\/argentinamunicipal.com.ar\/argentina\/tolar-grande-se-realizara-ascenso-la-montana-sagrada-macon\/","title":{"rendered":"En Tolar Grande se realizar\u00e1 el \u201cAscenso a la Monta\u00f1a Sagrada Mac\u00f3n\u201d"},"content":{"rendered":"<p>Ser\u00e1 el s\u00e1bado 19 de noviembre en la localidad de Tolar Grande con el objetivo de \u201cagradecer a la monta\u00f1a y a la Madre Tierra por el agua que provee a la comunidad local durante todo el a\u00f1o\u201d.<\/p>\n<p>La 15\u00b0 edici\u00f3n del \u201cAscenso Mac\u00f3n 2016\u201d tendr\u00e1 lugar el 19 de noviembre en el municipio de Tolar Grande. La actividad se realizar\u00e1 en el marco de las actividades y eventos culturales que la Red de Turismo Rural Comunitario Lickan desarrolla junto a la Comunidad Aborigen Kolla y el Municipio de Tolar Grande.<\/p>\n<p>El ascenso iniciar\u00e1 a las 4:00 de la madrugada donde todos los participantes ser\u00e1n trasladados en veh\u00edculo hacia la base del Mac\u00f3n, ubicado a 4.000 metros de altura. Desde all\u00ed se iniciar\u00e1 el recorrido a pie acompa\u00f1ado por los pobladores y gu\u00edas locales hacia la cumbre del mismo a 5.611 msnm, donde tendr\u00e1 lugar una ceremonia y ofrenda a la Madre Tierra.<\/p>\n<p>El objetivo de esta ceremonia es poder \u201cagradecer a la monta\u00f1a y a la Madre Tierra por el agua que provee a la comunidad local durante todo el a\u00f1o\u201d. Adem\u00e1s, brindar la posibilidad a salte\u00f1os y turistas de vivenciar una experiencia y encuentro intercultural con la comunidad local, experimentar la integraci\u00f3n con la naturaleza e intercambiar experiencias basadas en el respeto mutuo, la solidaridad y el comercio justo.<\/p>\n<p>Para esta ocasi\u00f3n, la Red de Turismo Rural Comunitario Lickan de Tolar Grande propone un programa con salida desde Salta del 18 hasta el 20 de noviembre que incluye traslados en colectivo (desde\/hacia Salta), dos noches de alojamiento, un recuerdo artesanal, seguro de accidentes personales, el ascenso acompa\u00f1ado por la comunidad local, entre otras cosas.<\/p>\n<h6>Fuente: La Hora de Salta<\/h6>\n","protected":false},"excerpt":{"rendered":"<p>Ser\u00e1 el s\u00e1bado 19 de noviembre en la localidad de Tolar Grande con el objetivo de \u201cagradecer a la monta\u00f1a y a la Madre Tierra por el agua que provee a la comunidad local durante todo el a\u00f1o\u201d.<\/p>\n","protected":false},"author":2,"featured_media":56150,"comment_status":"closed","ping_status":"closed","sticky":false,"template":"","format":"standard","meta":{"footnotes":""},"categories":[47],"tags":[9],"class_list":["post-56149","post","type-post","status-publish","format-standard","has-post-thumbnail","hentry","category-fiestas","tag-salta"],"_links":{"self":[{"href":"http:\/\/argentinamunicipal.com.ar\/argentina\/wp-json\/wp\/v2\/posts\/56149","targetHints":{"allow":["GET"]}}],"collection":[{"href":"http:\/\/argentinamunicipal.com.ar\/argentina\/wp-json\/wp\/v2\/posts"}],"about":[{"href":"http:\/\/argentinamunicipal.com.ar\/argentina\/wp-json\/wp\/v2\/types\/post"}],"author":[{"embeddable":true,"href":"http:\/\/argentinamunicipal.com.ar\/argentina\/wp-json\/wp\/v2\/users\/2"}],"replies":[{"embeddable":true,"href":"http:\/\/argentinamunicipal.com.ar\/argentina\/wp-json\/wp\/v2\/comments?post=56149"}],"version-history":[{"count":0,"href":"http:\/\/argentinamunicipal.com.ar\/argentina\/wp-json\/wp\/v2\/posts\/56149\/revisions"}],"wp:featuredmedia":[{"embeddable":true,"href":"http:\/\/argentinamunicipal.com.ar\/argentina\/wp-json\/wp\/v2\/media\/56150"}],"wp:attachment":[{"href":"http:\/\/argentinamunicipal.com.ar\/argentina\/wp-json\/wp\/v2\/media?parent=56149"}],"wp:term":[{"taxonomy":"category","embeddable":true,"href":"http:\/\/argentinamunicipal.com.ar\/argentina\/wp-json\/wp\/v2\/categories?post=56149"},{"taxonomy":"post_tag","embeddable":true,"href":"http:\/\/argentinamunicipal.com.ar\/argentina\/wp-json\/wp\/v2\/tags?post=56149"}],"curies":[{"name":"wp","href":"https:\/\/api.w.org\/{rel}","templated":true}]}}