{"id":56165,"date":"2016-11-18T06:47:34","date_gmt":"2016-11-18T09:47:34","guid":{"rendered":"http:\/\/argentinamunicipal.com.ar\/argentina\/?p=56165"},"modified":"2016-11-18T06:47:34","modified_gmt":"2016-11-18T09:47:34","slug":"comenzo-foro-capital-la-innovacion-santa-fe","status":"publish","type":"post","link":"http:\/\/argentinamunicipal.com.ar\/argentina\/comenzo-foro-capital-la-innovacion-santa-fe\/","title":{"rendered":"Comenz\u00f3 el Foro de Capital para la Innovaci\u00f3n en Santa Fe"},"content":{"rendered":"<p>En esta oportunidad, se presentaron diez proyectos de los cuales seis exhibieron sus emprendimientos y requerimientos de financiamiento ante inversores.<\/p>\n<p>El intendente Jos\u00e9 Corral, el gobernador Miguel Lifschitz y el subsecretario de Pol\u00edticas en Ciencia, Tecnolog\u00eda e Innovaci\u00f3n Productiva del gobierno Nacional, Jorge Aguado, destacaron la posibilidad de generar puentes entre los innovadores y los empresarios que permitan desarrollar las iniciativas.<\/p>\n<p>El intendente Jos\u00e9 Corral particip\u00f3 esta ma\u00f1ana del acto inaugural de la d\u00e9cima edici\u00f3n del Foro de Capital para la Innovaci\u00f3n &#8211; Regi\u00f3n Litoral Centro, que tuvo lugar en la Bolsa de Comercio de Santa Fe. Adem\u00e1s del mandatario local, encabezaron la ceremonia el gobernador Miguel Lifschitz y el subsecretario de Pol\u00edticas en Ciencia, Tecnolog\u00eda e Innovaci\u00f3n Productiva del Ministerio de Ciencia, Tecnolog\u00eda e Innovaci\u00f3n Productiva de la Naci\u00f3n, Jorge Aguado.<\/p>\n<p>Cabe recordar que el Foro de Capital para la Innovaci\u00f3n es una iniciativa de 16 instituciones de los sectores cient\u00edfico-tecnol\u00f3gico, productivo, financiero y estatal que busca propiciar el encuentro entre emprendedores, la comunidad empresarial y los inversores interesados en financiar empresas con alto potencial de rentabilidad.<br \/>\nLuego del reconocimiento a las instituciones que fundaron la iniciativa una d\u00e9cada atr\u00e1s, en su discurso, el intendente Jos\u00e9 Corral destac\u00f3 la conjunci\u00f3n que se forma en la ciudad entre los investigadores, los empresarios, el estado y la entidades bancarias: \u00abHace al menos 10 a\u00f1os que en la ciudad de Santa Fe se empezaron a conectar dos mundos con lenguajes muy diferentes: el de los investigadores y el de los empresarios. Generar un \u00e1mbito de colaboraci\u00f3n entre ambos y que adem\u00e1s se sume el Estado y el mundo de las finanzas forma esa alquimia virtuosa que genera desarrollo\u00bb.<\/p>\n<p><strong>Apoyar desde el Estado<\/strong><br \/>\nM\u00e1s adelante, el Intendente remarc\u00f3 la potencialidad de los proyectos de base tecnol\u00f3gica presentados en esta edici\u00f3n del Foro \u00abque tienen que ver con el software, con la cultura y muchos de ellos con la bioeconom\u00eda que es muy interesante porque conecta los cultivos y los animales, algo que sabemos hacer en la regi\u00f3n y, adem\u00e1s, esa gran capacidad de agregar valor por medio de la biotecnolog\u00eda, un campo en el que tambi\u00e9n nos destacamos\u00bb.<br \/>\nPor otro lado, Jos\u00e9 Corral indic\u00f3 que \u00abesta iniciativa merece la protecci\u00f3n del Estado. Desde ya nos comprometemos desde el Gobierno de la Ciudad en continuar apoyando este entorno, a los j\u00f3venes que tienen estas iniciativas que vale la pena cuidarlas y ayudarlas a crecer porque ah\u00ed est\u00e1 el futuro de la regi\u00f3n, la provincia y el pa\u00eds\u00bb.<br \/>\nPor su parte, el Gobernador expres\u00f3: \u00abHay que felicitar a las instituciones y a las personas que hace 10 a\u00f1os tuvieron la iniciativa de impulsar esta actividad. Una d\u00e9cada atr\u00e1s, eran seis las instituciones -como la Municipalidad, la Provincia, la UNL, la Bolsa de Comercio-, las que promovieron esta iniciativa que cuando surgen parecen voluntarismos aislados, pero que cuando crecen en el tiempo terminan haciendo historia, cambiando realidades y contribuyendo a procesos m\u00e1s amplios que necesariamente tienen que surgir del tejido institucional, como en este caso\u00bb.<\/p>\n<p><strong>Naci\u00f3n, presente<\/strong><br \/>\nCabe mencionar que, en esta edici\u00f3n, a las 16 instituciones que impulsan el Foro se sumaron el Ministerio de Producci\u00f3n de la Naci\u00f3n y la Fundaci\u00f3n Synergy. Asimismo, vale destacar la presencia de Jorge Aguado, Subsecretario de Pol\u00edticas en Ciencia, Tecnolog\u00eda e Innovaci\u00f3n Productiva del gobierno nacional, quien marc\u00f3 la importancia de encuentros como el Foro de Capital para la Innovaci\u00f3n. En ese sentido, Aguado asegur\u00f3: \u00abEs un orgullo poder estar ac\u00e1 representando al ministerio de Ciencia, Tecnolog\u00eda e Innovaci\u00f3n Productiva, este encuentro refleja muy bien el esp\u00edritu de los que estamos intentando hacer desde el Gobierno nacional. Donde principalmente buscamos generar un plan de innovaci\u00f3n productiva que involucra a las provincias y municipios, que busca entender las demandas e implica investigaciones, desarrollos tecnol\u00f3gicos y generar\u00e1n nuevas y mejores empresas que redundar\u00e1n en m\u00e1s y mejores puestos laborales para todos los argentinos\u00bb.<\/p>\n<p><strong>Proyectos que avanzan<\/strong><br \/>\nEn esta oportunidad, se presentaron 10 proyectos de los cuales 6 exhibieron, en una exposici\u00f3n oral, sus emprendimientos y requerimientos de financiaci\u00f3n ante inversores. Los proyectos que se presentaron en esta edici\u00f3n son: Winka; PowerGym; Revista m\u00e1s beneficios; Estrategia C4 SRL; BioF\u00e9rtil; EcoAislaci\u00f3n; Turismo Aguaribay; Pozzi Ingenier\u00eda SRL; Gi-Ro Sillones; y Diana Soli.<\/p>\n<p><strong>Instituciones que colaboran<\/strong><br \/>\nLas instituciones organizadoras son: el Banco CrediCoop; la Bolsa de Comercio de Santa Fe; el Centro Cient\u00edfico Tecnol\u00f3gico CONICET &#8211; Santa Fe; el Colegio de Graduados en Ciencias Econ\u00f3micas de Santa Fe; EXPRESIVA, incubadora de emprendimientos culturales de Santa Fe; el Gobierno de la Provincia de Santa Fe; la Incubadora de Empresas de \u00c1mbito Regional &#8211; IDEAR; el Ministerio de Ciencia, Tecnolog\u00eda e Innovaci\u00f3n Productiva de la Naci\u00f3n; el Ministerio de Producci\u00f3n de la Naci\u00f3n; la Municipalidad de Santa Fe; la Municipalidad de Santo Tom\u00e9; el Parque Tecnol\u00f3gico del Litoral Centro SAPEM; la Uni\u00f3n Industrial de Santa Fe; la Universidad Cat\u00f3lica de Santa Fe; la Universidad Nacional del Litoral; y la Universidad Tecnol\u00f3gica Nacional &#8211; Facultad Regional Santa Fe.<\/p>\n<h6>Fuente: Sin Mordaza<\/h6>\n","protected":false},"excerpt":{"rendered":"<p>En esta oportunidad, se presentaron diez proyectos de los cuales seis exhibieron sus emprendimientos y requerimientos de financiamiento ante inversores.<\/p>\n","protected":false},"author":2,"featured_media":56166,"comment_status":"closed","ping_status":"closed","sticky":false,"template":"","format":"standard","meta":{"footnotes":""},"categories":[2],"tags":[10],"class_list":["post-56165","post","type-post","status-publish","format-standard","has-post-thumbnail","hentry","category-informe-municipal","tag-santa-fe"],"_links":{"self":[{"href":"http:\/\/argentinamunicipal.com.ar\/argentina\/wp-json\/wp\/v2\/posts\/56165","targetHints":{"allow":["GET"]}}],"collection":[{"href":"http:\/\/argentinamunicipal.com.ar\/argentina\/wp-json\/wp\/v2\/posts"}],"about":[{"href":"http:\/\/argentinamunicipal.com.ar\/argentina\/wp-json\/wp\/v2\/types\/post"}],"author":[{"embeddable":true,"href":"http:\/\/argentinamunicipal.com.ar\/argentina\/wp-json\/wp\/v2\/users\/2"}],"replies":[{"embeddable":true,"href":"http:\/\/argentinamunicipal.com.ar\/argentina\/wp-json\/wp\/v2\/comments?post=56165"}],"version-history":[{"count":0,"href":"http:\/\/argentinamunicipal.com.ar\/argentina\/wp-json\/wp\/v2\/posts\/56165\/revisions"}],"wp:featuredmedia":[{"embeddable":true,"href":"http:\/\/argentinamunicipal.com.ar\/argentina\/wp-json\/wp\/v2\/media\/56166"}],"wp:attachment":[{"href":"http:\/\/argentinamunicipal.com.ar\/argentina\/wp-json\/wp\/v2\/media?parent=56165"}],"wp:term":[{"taxonomy":"category","embeddable":true,"href":"http:\/\/argentinamunicipal.com.ar\/argentina\/wp-json\/wp\/v2\/categories?post=56165"},{"taxonomy":"post_tag","embeddable":true,"href":"http:\/\/argentinamunicipal.com.ar\/argentina\/wp-json\/wp\/v2\/tags?post=56165"}],"curies":[{"name":"wp","href":"https:\/\/api.w.org\/{rel}","templated":true}]}}