{"id":56174,"date":"2016-11-18T07:08:09","date_gmt":"2016-11-18T10:08:09","guid":{"rendered":"http:\/\/argentinamunicipal.com.ar\/argentina\/?p=56174"},"modified":"2016-11-18T07:08:09","modified_gmt":"2016-11-18T10:08:09","slug":"obstaculo-la-vuelta-al-mundo","status":"publish","type":"post","link":"http:\/\/argentinamunicipal.com.ar\/argentina\/obstaculo-la-vuelta-al-mundo\/","title":{"rendered":"Un obst\u00e1culo para la vuelta al mundo"},"content":{"rendered":"<p>El primer ministro de Canad\u00e1 le traslad\u00f3 al Presidente la preocupaci\u00f3n por la detenci\u00f3n de la dirigente juje\u00f1a. Macri anticip\u00f3 que hoy enviar\u00e1n una nota a la ONU.<\/p>\n<p>La detenci\u00f3n arbitraria de la dirigente social Milagro Sala comienza ya a interferir de manera directa en uno de los pilares fundamentales en los que el presidente Mauricio Macri busca apoyar su gesti\u00f3n: la supuesta \u201cvuelta al mundo\u201d. En la primera visita a un pa\u00eds de Latinoam\u00e9rica desde su asunci\u00f3n como primer ministro, el canadiense Justin Trudeau le traslad\u00f3 al mandatario argentino su inquietud por la situaci\u00f3n de la l\u00edder de la Tupac Amaru, que est\u00e1 pr\u00f3xima a cumplir un a\u00f1o de prisi\u00f3n por orden del gobernador de Jujuy, el radical Gerardo Morales. Macri reiter\u00f3 el discurso oficial que lanz\u00f3 desde que se conoci\u00f3 el reclamo de \u201cliberaci\u00f3n inmediata\u201d por parte del Grupo de Trabajo sobre Detenci\u00f3n Arbitraria de la ONU. Dijo que iban a \u201ccontestarle\u201d hoy a al \u201cpanel de las Naciones Unidas\u201d y que adem\u00e1s ya los hab\u00edan invitado a visitar Jujuy para \u201cchequear que se est\u00e1n respetando todos los derechos humanos\u201d.<\/p>\n<p>Luego del traspi\u00e9 diplom\u00e1tico provocado por haber apoyado la candidatura presidencial de Hillary Clinton en la elecci\u00f3n de Estados Unidos, el Gobierno esperaba tomar ox\u00edgeno en su agenda internacional con la visita del mandatario canadiense, un joven dirigente del Partido Liberal conocido por su liderazgo carism\u00e1tico, sus posturas feministas y su defensa de los derechos humanos. La reuni\u00f3n fue presentada como un \u201crelanzamiento\u201d de la relaci\u00f3n de cooperaci\u00f3n y amistad entre ambos pa\u00edses, con el foco puesto en el intercambio comercial, el medioambiente y las pol\u00edticas de seguridad y de \u201cgobierno abierto\u201d, entre otras cosas. Sin embargo, y a pesar de que en sus exposiciones iniciales ninguno de los mandatarios hab\u00eda hecho menci\u00f3n al tema, la detenci\u00f3n de Sala interfiri\u00f3 en los planes de Cambiemos. Tras la pregunta de la prensa argentina ambos reconocieron que hab\u00edan conversado del tema en privado.<\/p>\n<p>El primer ministro canadiense hab\u00eda recibido la semana pasada, antes de iniciar su gira por Argentina, una carta de la organizaci\u00f3n Amnist\u00eda Internacional en la que le expresaban su preocupaci\u00f3n por la situaci\u00f3n de la l\u00edder de la Tupac Amaru y la necesidad de cumplir el reclamo del Grupo de Trabajo de la ONU para que sea liberada por considerar que se trat\u00f3 de una \u201cdetenci\u00f3n arbitraria\u201d. Algunas semanas despu\u00e9s que el grupo de la ONU, la Organizaci\u00f3n de Estados Americanos tambi\u00e9n reclam\u00f3 la liberaci\u00f3n de la militante juje\u00f1a.<br \/>\n\u201cRespecto a la se\u00f1ora Sala, hemos hablado el Presidente (Macri) y yo acerca de esto y hemos hablado de la importancia de la transparencia, la apertura y la importancia del Estado de Derecho. Sabemos que vamos a compartir una respuesta formal a trav\u00e9s de Naciones Unidas y yo tengo confianza absoluta en el hecho de que vamos a tratar el tema de manera responsable, abierta y que cumpla con el Estado de Derecho, tal y como hacemos en nuestro pa\u00eds\u201d, afirm\u00f3 ayer el primer ministro de Canad\u00e1. Las palabras de Trudeau \u2013que hoy se reunir\u00e1 con el secretario de Derechos Humanos, Claudio Avruj, y visitar\u00e1 el Parque de la Memoria\u2013 y la decisi\u00f3n de abordar el tema en el encuentro bilateral signific\u00f3 un importante gesto de apoyo al reclamo tanto de Amnist\u00eda como de otros organismos como el CELS, que recurrieron al sistema internacional de derechos humanos.<\/p>\n<p>\u201cLe coment\u00e9 que el viernes vamos a contestar el informe del panel de Naciones Unidas y adem\u00e1s les hemos extendido una invitaci\u00f3n a que vengan a visitar Jujuy y por s\u00ed mismos chequear lo que informa Jujuy, que se est\u00e1n respetando todos los derechos humanos y todas las leyes vigentes en la argentina\u201d, sostuvo Macri, a su turno.<br \/>\nDesde los organismos denunciantes criticaron la respuesta del Presidente argentino y remarcaron que no debe \u201ccontestar\u201d al grupo de la ONU sino informar de los avances en el cumplimiento de su reclamo para \u201cliberar de inmediato\u201d a la dirigente. Sobre la invitaci\u00f3n a visitar Jujuy, recordaron que el \u00faltimo antecedente de una misi\u00f3n de este tipo por parte de la Comisi\u00f3n Interamericana de Derechos Humanos (CIDH) fue en 1979, cuando comprob\u00f3 las violaciones a los derechos humanos cometidas por la dictadura comandada por Jorge Rafael Videla.<\/p>\n<p><strong>Trump y los cerdos<\/strong><\/p>\n<p>Por fuera de la situaci\u00f3n de Sala, lo m\u00e1s parecido a un anuncio concreto de la visita fue la decisi\u00f3n de facilitar la importaci\u00f3n de cerdo canadiense y de otros productos c\u00e1rnicos, que seg\u00fan Trudeau podr\u00eda realizarse hacia agosto de 2017 y que beneficiar\u00eda a sus productores locales. Buena parte de la conferencia se la llev\u00f3 el escenario pol\u00edtico internacional: los movimientos en la econom\u00eda mundial producto de las promesas proteccionistas de Donald Trump, especialmente por los v\u00ednculos estrechos que Canad\u00e1 mantiene con su vecino del norte. \u201cLo que expresamos en la reuni\u00f3n pasa por un mayor intercambio comercial. Las \u00faltimas elecciones demostrar\u00edan una tendencia contraria.<\/p>\n<p>Pero yo reitero que, viniendo de una Argentina que ha estado aislada del mundo de una d\u00e9cada, el futuro es creer que podemos enriquecernos del intercambio\u201d, afirm\u00f3 Macri desde su atril en el Sal\u00f3n Blanco. \u201cExiste una ansiedad porque el progreso no est\u00e1 funcionando como esperaban\u201d, sostuvo Trudeau y agreg\u00f3 que \u201cel comercio es bueno para el crecimiento econ\u00f3mico y que puede y deber\u00eda ser bueno para todos los ciudadanos\u201d.<\/p>\n<p>Adem\u00e1s de los periodistas argentinos y canadienses, los escuchaban unos pocos funcionarios: la canciller, Susana Malcorra, el jefe de Gabinete, Marcos Pe\u00f1a, y el ministro de Producci\u00f3n, Francisco Cabrera. Los integrantes del gabinete argentino hab\u00edan ingresado al sal\u00f3n mucho antes de que llegaran los presidentes pero muy poco tiempo despu\u00e9s de ubicarse se retiraron por la misma puerta. Estaban sentados justo en la fila inmediatamente delante de la prensa y hab\u00edan quedado a tiro de eventuales preguntas inc\u00f3modas.<\/p>\n<h6>Fuente: P\u00e1gina 12<\/h6>\n","protected":false},"excerpt":{"rendered":"<p>El primer ministro de Canad\u00e1 le traslad\u00f3 al Presidente la preocupaci\u00f3n por la detenci\u00f3n de la dirigente juje\u00f1a. Macri anticip\u00f3 que hoy enviar\u00e1n una nota a la ONU.<\/p>\n","protected":false},"author":2,"featured_media":56175,"comment_status":"closed","ping_status":"closed","sticky":false,"template":"","format":"standard","meta":{"footnotes":""},"categories":[8],"tags":[21],"class_list":["post-56174","post","type-post","status-publish","format-standard","has-post-thumbnail","hentry","category-informe-nacional","tag-argentina"],"_links":{"self":[{"href":"http:\/\/argentinamunicipal.com.ar\/argentina\/wp-json\/wp\/v2\/posts\/56174","targetHints":{"allow":["GET"]}}],"collection":[{"href":"http:\/\/argentinamunicipal.com.ar\/argentina\/wp-json\/wp\/v2\/posts"}],"about":[{"href":"http:\/\/argentinamunicipal.com.ar\/argentina\/wp-json\/wp\/v2\/types\/post"}],"author":[{"embeddable":true,"href":"http:\/\/argentinamunicipal.com.ar\/argentina\/wp-json\/wp\/v2\/users\/2"}],"replies":[{"embeddable":true,"href":"http:\/\/argentinamunicipal.com.ar\/argentina\/wp-json\/wp\/v2\/comments?post=56174"}],"version-history":[{"count":0,"href":"http:\/\/argentinamunicipal.com.ar\/argentina\/wp-json\/wp\/v2\/posts\/56174\/revisions"}],"wp:featuredmedia":[{"embeddable":true,"href":"http:\/\/argentinamunicipal.com.ar\/argentina\/wp-json\/wp\/v2\/media\/56175"}],"wp:attachment":[{"href":"http:\/\/argentinamunicipal.com.ar\/argentina\/wp-json\/wp\/v2\/media?parent=56174"}],"wp:term":[{"taxonomy":"category","embeddable":true,"href":"http:\/\/argentinamunicipal.com.ar\/argentina\/wp-json\/wp\/v2\/categories?post=56174"},{"taxonomy":"post_tag","embeddable":true,"href":"http:\/\/argentinamunicipal.com.ar\/argentina\/wp-json\/wp\/v2\/tags?post=56174"}],"curies":[{"name":"wp","href":"https:\/\/api.w.org\/{rel}","templated":true}]}}