{"id":56197,"date":"2016-11-18T08:20:17","date_gmt":"2016-11-18T11:20:17","guid":{"rendered":"http:\/\/argentinamunicipal.com.ar\/argentina\/?p=56197"},"modified":"2016-11-18T08:20:17","modified_gmt":"2016-11-18T11:20:17","slug":"federal-metropolitana-la-ciudad","status":"publish","type":"post","link":"http:\/\/argentinamunicipal.com.ar\/argentina\/federal-metropolitana-la-ciudad\/","title":{"rendered":"Ni Federal ni Metropolitana, de la Ciudad"},"content":{"rendered":"<p>Tras el papel\u00f3n de la presentaci\u00f3n realizada el 5 de octubre pasado, oportunidad en que el jefe de Gobierno porte\u00f1o, Horacio Rodr\u00edguez Larreta, present\u00f3 los modelos de patrullero y de helic\u00f3pteros con que contar\u00eda la futura polic\u00eda local\u00a0usando un prototipo en el primer caso\u00a0y un helic\u00f3ptero del SAME ploteado en el segundo, la \u00a0Legislatura porte\u00f1a aprob\u00f3 la Ley de Seguridad p\u00fablica para el distrito, que crea la Polic\u00eda de la Ciudad, que contar\u00e1 con 23.000 agentes en total, provenientes de la Federal y de la Metropolitana. Ser\u00e1 conducida por un civil, que a\u00fan no fue designado.<\/p>\n<p>Tras cuatro horas de debate, la ley presentada por el Ejecutivo porte\u00f1o obtuvo 55 votos a favor, de un total de 60, 3 en contra (Marcelo Ramal, Patricio Del Corro y Fernando Vilardo, del Frente de Izquierda de los Trabajadores), y una abstenci\u00f3n, la de Adri\u00e1n Camps, del Socialismo Aut\u00e9ntico.<\/p>\n<p>Mientras Larreta, celebr\u00f3 el \u00abamplio nivel de consenso\u00bb alcanzado por la iniciativa oficial, el ministro de Seguridad y Justicia, Mart\u00edn Ocampo, destac\u00f3 que la aprobaci\u00f3n de la ley representa \u00abun paso adelante para la concreci\u00f3n de una fuerza de seguridad democr\u00e1tica y de servicio para los vecinos\u00bb.<\/p>\n<p>La misma iniciativa incluye la creaci\u00f3n de un cuerpo de bomberos profesionales y del Instituto Superior de Seguridad P\u00fablica, encargado de la formaci\u00f3n y capacitaci\u00f3n de todos los integrantes del sistema. Adem\u00e1s, incorpora al organigrama el cuerpo de agentes de control de tr\u00e1nsito.<\/p>\n<p>Como parte del proceso de integraci\u00f3n de la Federal y la Metropolitana, se fij\u00f3 un escalaf\u00f3n \u00fanico y un nuevo r\u00e9gimen disciplinario. La ley tambi\u00e9n exime a los \u00a0integrantes del cuerpo de la obligatoriedad intervenir en alg\u00fan hecho delictivo fuera de su horario laboral, conocido como estado policial.<\/p>\n<h6>Fuente: P\u00e1gina 12<\/h6>\n","protected":false},"excerpt":{"rendered":"<p>Tras el papel\u00f3n de la presentaci\u00f3n realizada el 5 de octubre pasado, oportunidad en que el jefe de Gobierno porte\u00f1o, Horacio Rodr\u00edguez Larreta, present\u00f3 los modelos de patrullero y de helic\u00f3pteros con que contar\u00eda la futura polic\u00eda local<\/p>\n","protected":false},"author":2,"featured_media":56198,"comment_status":"closed","ping_status":"closed","sticky":false,"template":"","format":"standard","meta":{"footnotes":""},"categories":[2],"tags":[12],"class_list":["post-56197","post","type-post","status-publish","format-standard","has-post-thumbnail","hentry","category-informe-municipal","tag-buenos-aires"],"_links":{"self":[{"href":"http:\/\/argentinamunicipal.com.ar\/argentina\/wp-json\/wp\/v2\/posts\/56197","targetHints":{"allow":["GET"]}}],"collection":[{"href":"http:\/\/argentinamunicipal.com.ar\/argentina\/wp-json\/wp\/v2\/posts"}],"about":[{"href":"http:\/\/argentinamunicipal.com.ar\/argentina\/wp-json\/wp\/v2\/types\/post"}],"author":[{"embeddable":true,"href":"http:\/\/argentinamunicipal.com.ar\/argentina\/wp-json\/wp\/v2\/users\/2"}],"replies":[{"embeddable":true,"href":"http:\/\/argentinamunicipal.com.ar\/argentina\/wp-json\/wp\/v2\/comments?post=56197"}],"version-history":[{"count":0,"href":"http:\/\/argentinamunicipal.com.ar\/argentina\/wp-json\/wp\/v2\/posts\/56197\/revisions"}],"wp:featuredmedia":[{"embeddable":true,"href":"http:\/\/argentinamunicipal.com.ar\/argentina\/wp-json\/wp\/v2\/media\/56198"}],"wp:attachment":[{"href":"http:\/\/argentinamunicipal.com.ar\/argentina\/wp-json\/wp\/v2\/media?parent=56197"}],"wp:term":[{"taxonomy":"category","embeddable":true,"href":"http:\/\/argentinamunicipal.com.ar\/argentina\/wp-json\/wp\/v2\/categories?post=56197"},{"taxonomy":"post_tag","embeddable":true,"href":"http:\/\/argentinamunicipal.com.ar\/argentina\/wp-json\/wp\/v2\/tags?post=56197"}],"curies":[{"name":"wp","href":"https:\/\/api.w.org\/{rel}","templated":true}]}}