{"id":56200,"date":"2016-11-18T08:22:42","date_gmt":"2016-11-18T11:22:42","guid":{"rendered":"http:\/\/argentinamunicipal.com.ar\/argentina\/?p=56200"},"modified":"2016-11-18T08:22:42","modified_gmt":"2016-11-18T11:22:42","slug":"alertaron-la-industria-caera-45-este-ano-se-perderan-50-mil-empleos","status":"publish","type":"post","link":"http:\/\/argentinamunicipal.com.ar\/argentina\/alertaron-la-industria-caera-45-este-ano-se-perderan-50-mil-empleos\/","title":{"rendered":"Alertaron que la industria caer\u00e1 4,5% este a\u00f1o y se perder\u00e1n 50 mil empleos"},"content":{"rendered":"<p>As\u00ed lo advirti\u00f3 el presidente de la Uni\u00f3n Industrial Argentina quien sostuvo que \u00abel principal problema que tiene el pa\u00eds es la ca\u00edda del consumo interno\u00bb.<\/p>\n<p>La industria caer\u00e1 4,5% este a\u00f1o, con 50 mil empleos menos que en 2015, una capacidad ociosa del 40%, enormes problemas de competitividad y la \u00abmayor presi\u00f3n impositiva de los \u00faltimos quince a\u00f1os\u00bb.<\/p>\n<p>As\u00ed lo advirti\u00f3 el presidente de la Uni\u00f3n Industrial Argentina (UIA), Adri\u00e1n Kaufmann Brea, quien sostuvo que \u00abel principal problema que tiene el pa\u00eds es la ca\u00edda del consumo interno\u00bb, que a su criterio explica la capacidad ociosa que tiene la producci\u00f3n manufacturera local.<\/p>\n<p>\u00abEn febrero de este a\u00f1o dijimos que la industria iba a caer 3,5% este a\u00f1o. Pero ahora, nuestro c\u00e1lculo refleja una ca\u00edda de 4,5%, con 50 mil empleos menos y 40% de capacidad ociosa en la mayor\u00eda de los sectores productivos\u00bb, sostuvo el dirigente.<\/p>\n<p>Como contrapartida, destac\u00f3 que el salario promedio de la industria es de 1.600 d\u00f3lares, el \u00abdoble que en Brasil\u00bb. Kaufmann Brea ofreci\u00f3 una conferencia de prensa para brindar detalles de la 22 edici\u00f3n de la Conferencia Industrial Argentina, que se realizar\u00e1 entre lunes y martes pr\u00f3ximos en esta capital.<\/p>\n<p>En compa\u00f1\u00eda del presidente de esa Conferencia, Miguel Acevedo, el jefe de la UIA hizo una referencia el\u00edptica al Gobierno anterior, al se\u00f1alar que fue \u00abmuy lindo tener una \u00e9poca con subsidios y tarifas baratas, pero en alg\u00fan momento la realidad nos alcanza\u00bb.<\/p>\n<p>En tal sentido, consider\u00f3 que a lo largo de este a\u00f1o, el Gobierno de Mauricio Macri \u00abarregl\u00f3 muchas cosas, como el cepo, los holdouts, a trav\u00e9s de medidas de shock. Luego vino un gradualismo y estamos llegando a fin de 2016 con un punto m\u00e1s de ca\u00edda industrial de la que hab\u00edamos previsto a principios de 2016\u00bb.<\/p>\n<p>\u00abNo obstante, pensamos que en 2017 habr\u00e1 un crecimiento de la actividad industrial\u00bb, pronostic\u00f3 el empresario, quien a la vez alert\u00f3: \u00abhay que resolver muchos temas de falta de competitividad y con este tema, no le podemos echar la culpa a nadie. Ni siquiera por ser muy brasildependientes. Somos competitivos de la puerta de la f\u00e1brica hacia adentro\u00bb.<\/p>\n<p>Por caso, coment\u00f3 que \u00abel tipo de cambio est\u00e1 atrasado y las tasas son altas, eso no ayuda a la competitividad\u00bb.<\/p>\n<p>Adem\u00e1s, alert\u00f3 que \u00abtenemos la mayor presi\u00f3n tributaria de los \u00faltimos quince a\u00f1os\u00bb, y puso como ejemplo que un alimento \u00abtiene 41% de impuestos\u00bb.<\/p>\n<p>\u00abA eso hay que agregar que el costo de log\u00edstica se duplic\u00f3 en los \u00faltimos quince a\u00f1os. As\u00ed, el 70% del costo final de un producto puede llegar a ser impuestos y log\u00edstica. Esto es un problema grave que hay que resolver\u00bb, se quej\u00f3 el dirigente.<\/p>\n<p>Por otra parte, respecto de las importaciones, Acevedo expres\u00f3 la opini\u00f3n de la UIA: \u00abhay sectores m\u00e1s afectados que otros, los denominados sectores sensibles. Creo que no hay que ser tontos con la apertura, si bien no estamos viendo una importaci\u00f3n masiva\u00bb, evalu\u00f3.<\/p>\n<p>En cuanto al triunfo de Donald Trump en las elecciones presidenciales de Estados Unidos, Kauffman consider\u00f3 que ese pa\u00eds \u00abser\u00e1 un poco m\u00e1s proteccionista con el presidente que tendr\u00e1, pero hay que tener en cuenta que esa naci\u00f3n, junto a la Uni\u00f3n Europea, China y Brasil son los m\u00e1s proteccionistas del mundo\u00bb.<\/p>\n<p>\u00abEl mundo ya ven\u00eda cambiando en el marco de un proceso muy complejo, m\u00e1s all\u00e1 de la llegada de Trump\u00bb, aclar\u00f3.<\/p>\n<p>En este marco, la Conferencia Industrial de la UIA se llevar\u00e1 a cabo en Parque Norte, de esta capital, bajo el lema \u00abIndustrializaci\u00f3n=Progreso social. Inversi\u00f3n productiva y empleo de calidad como motores del desarrollo\u00bb.<\/p>\n<p>La central fabril espera alrededor de dos mil asistentes y, entre los expositores, ya confirmaron su presencia el presidente Mauricio Macri, varios ministros del gabinete nacional, gobernadores y el presidente del Banco Central, Federico Sturzenegger.<\/p>\n<p>\u00abSer\u00e1 una Conferencia que nos ayudar\u00e1 a pensar en el largo plazo. Estamos viendo una Argentina con algunos problemas y eso es lo que vamos a poder discutir\u00bb, enfatiz\u00f3 Acevedo.<\/p>\n<h6>Fuente: Uno Mendoza<\/h6>\n","protected":false},"excerpt":{"rendered":"<p>As\u00ed lo advirti\u00f3 el presidente de la Uni\u00f3n Industrial Argentina quien sostuvo que \u00abel principal problema que tiene el pa\u00eds es la ca\u00edda del consumo interno\u00bb.<\/p>\n","protected":false},"author":2,"featured_media":56201,"comment_status":"closed","ping_status":"closed","sticky":false,"template":"","format":"standard","meta":{"footnotes":""},"categories":[8],"tags":[21],"class_list":["post-56200","post","type-post","status-publish","format-standard","has-post-thumbnail","hentry","category-informe-nacional","tag-argentina"],"_links":{"self":[{"href":"http:\/\/argentinamunicipal.com.ar\/argentina\/wp-json\/wp\/v2\/posts\/56200","targetHints":{"allow":["GET"]}}],"collection":[{"href":"http:\/\/argentinamunicipal.com.ar\/argentina\/wp-json\/wp\/v2\/posts"}],"about":[{"href":"http:\/\/argentinamunicipal.com.ar\/argentina\/wp-json\/wp\/v2\/types\/post"}],"author":[{"embeddable":true,"href":"http:\/\/argentinamunicipal.com.ar\/argentina\/wp-json\/wp\/v2\/users\/2"}],"replies":[{"embeddable":true,"href":"http:\/\/argentinamunicipal.com.ar\/argentina\/wp-json\/wp\/v2\/comments?post=56200"}],"version-history":[{"count":0,"href":"http:\/\/argentinamunicipal.com.ar\/argentina\/wp-json\/wp\/v2\/posts\/56200\/revisions"}],"wp:featuredmedia":[{"embeddable":true,"href":"http:\/\/argentinamunicipal.com.ar\/argentina\/wp-json\/wp\/v2\/media\/56201"}],"wp:attachment":[{"href":"http:\/\/argentinamunicipal.com.ar\/argentina\/wp-json\/wp\/v2\/media?parent=56200"}],"wp:term":[{"taxonomy":"category","embeddable":true,"href":"http:\/\/argentinamunicipal.com.ar\/argentina\/wp-json\/wp\/v2\/categories?post=56200"},{"taxonomy":"post_tag","embeddable":true,"href":"http:\/\/argentinamunicipal.com.ar\/argentina\/wp-json\/wp\/v2\/tags?post=56200"}],"curies":[{"name":"wp","href":"https:\/\/api.w.org\/{rel}","templated":true}]}}