{"id":56251,"date":"2016-11-21T07:05:34","date_gmt":"2016-11-21T10:05:34","guid":{"rendered":"http:\/\/argentinamunicipal.com.ar\/argentina\/?p=56251"},"modified":"2016-11-21T07:05:34","modified_gmt":"2016-11-21T10:05:34","slug":"cruces-gobierno-la-cgt-la-emergencia-social","status":"publish","type":"post","link":"http:\/\/argentinamunicipal.com.ar\/argentina\/cruces-gobierno-la-cgt-la-emergencia-social\/","title":{"rendered":"Cruces entre el gobierno y la CGT por la emergencia social"},"content":{"rendered":"<p>En el triunvirato que conduce la central obrera replicaron con que las afirmaciones de Macri son \u00abuna falta de respeto\u00bb<\/p>\n<p>El presidente Mauricio Macri advirti\u00f3 ayer que de la pobreza \u00abse sale trabajando, no por una ley\u00bb, en alusi\u00f3n al proyecto de emergencia social y alimentaria que impulsa la oposici\u00f3n, tras lo cual la CGT le respondi\u00f3 que decir eso \u00abes una falta de respeto\u00bb porque \u00abel Poder Legislativo le da las herramientas\u00bb al Ejecutivo para \u00abarreglar el problema\u00bb.<\/p>\n<p>\u00abQuiero que me juzguen por si pude o no pude reducir la pobreza. Ahora: de ese lugar se sale trabajando, no por una ley\u00bb, dijo Macri tras la marcha que realizaron sindicatos y grupos sociales para reclamar su sanci\u00f3n.<\/p>\n<p>\u00abSi es por una ley, \u00bfpara qu\u00e9 nos quedamos cortos? En vez de un mill\u00f3n de puestos de trabajo, pongamos cinco millones y resolvimos todo\u00bb, agreg\u00f3 el jefe del Estado.<\/p>\n<p>El sindicalista Carlos Acu\u00f1a, uno de los integrantes del triunvirato de la CGT, critic\u00f3 las posiciones expresadas por varios funcionarios del gobierno nacional contra el proyecto que tiene media sanci\u00f3n del Senado y advirti\u00f3 que \u00abes una falta de respeto decir que con una ley no arreglamos nada\u00bb.<\/p>\n<p>Macri fustig\u00f3 la posici\u00f3n de dirigentes kirchneristas y del GEN que promueven la iniciativa que propone crear un mill\u00f3n de empleos subsidiados por el Estado al se\u00f1alar que \u00abser\u00eda maravilloso que fuese tan simple\u00bb.<\/p>\n<p>\u00abTenemos que abandonar esa creencia de que estamos condenados al \u00e9xito. Nos hizo mucho mal. Eso fue lo que gener\u00f3 la cultura del atajo y de la avivada\u00bb, dijo el presidente.<\/p>\n<p>Acu\u00f1a, tambi\u00e9n jefe del Sindicato de Empleados de Estaciones de Servicios, Garages y Lavaderos, advirti\u00f3 que frente al reclamo de los gremios y movimientos sociales \u00abno hay ning\u00fan plan B\u00bb si el Congreso no aprueba la iniciativa o si el Ejecutivo decide vetarla.<\/p>\n<p>\u00abVamos a ponernos en positivo, que el gobierno reflexione y no la vete\u00bb, agreg\u00f3 al respecto el dirigente cegetista.<\/p>\n<p>Uno de los cuestionamientos que el oficialismo le hace al proyecto gira en torno a c\u00f3mo se financiar\u00e1, ya que la iniciativa establece el incremento del 15 por ciento mensual de la asignaci\u00f3n universal por hijo (AUH) y de la asignaci\u00f3n por embarazo y la creaci\u00f3n de un mill\u00f3n de puestos de trabajo, lo cual significar\u00eda un costo de 12 mil millones de pesos en un a\u00f1o (1000 millones por mes).<\/p>\n<p>A su turno, el diputado nacional Pablo Tonelli (Cambiemos) defini\u00f3 al proyecto como \u00abun cat\u00e1logo de ilusiones, una ridiculez cuyo \u00fanico sentido es demag\u00f3gico\u00bb, y asegur\u00f3 que \u00abla viabilidad es cero\u00bb porque \u00abno dice cu\u00e1l es el financiamiento para eso\u00bb.<\/p>\n<p>\u00abQuieren hacer de cuenta que se ocupan de los pobres, cuando durante doce a\u00f1os no lo hicieron\u00bb, a\u00f1adi\u00f3 el legislador.<\/p>\n<p>En tanto, el presidente de la C\u00e1mara de Diputados nacional, Emilio Monz\u00f3 (Cambiemos), se\u00f1al\u00f3 que el proyecto de ley que impuls\u00f3 un sector del kirchnerismo y el GEN \u00abes una buena idea que no se trabaj\u00f3 como corresponde\u00bb.<\/p>\n<p>Al respecto, advirti\u00f3: \u00abLa emergencia es l\u00f3gica, los n\u00fameros dan cuenta de la pobreza que hay. Ahora, esas cuestiones de fondo no se solucionan con proyectos hechos a la ligera ni buscando frases resonantes\u00bb.<\/p>\n<p>Monz\u00f3 sostuvo tambi\u00e9n que el proyecto aprobado el mi\u00e9rcoles pasado en el Senado y girado a Diputados \u00abes una idea que no se trabaj\u00f3 como corresponde y fue una sorpresa para la racionalidad que tuvo el Congreso\u00bb.<\/p>\n<p>Paralelamente, el diputado bonaerense Fernando Chino Navarro (Peronismo para la Victoria) respald\u00f3 las acciones que lleva adelante la CGT contra el gobierno y rechaz\u00f3 las cr\u00edticas que la central obrera viene recibiendo por no haber realizado un paro nacional: \u00abNo podemos resolver el problema del peronismo, \u00bfy le queremos decir lo que tiene que hacer?\u00bb.<\/p>\n<p>La CGT acompa\u00f1\u00f3 el viernes a los movimientos sociales en la marcha que hicieron hasta el Congreso nacional para reclamar por la sanci\u00f3n de la emergencia social y alimentaria, despu\u00e9s de haber desactivado transitoriamente la posibilidad de un paro general antes de fin de a\u00f1o.<\/p>\n<p>\u00ab\u00bfPor qu\u00e9 no peleamos nosotros en vez de cuestionar a la CGT?\u00bb, pregunt\u00f3 el representante del Movimiento Evita, que tambi\u00e9n hizo una cr\u00edtica a \u00abla dirigencia pol\u00edtica en general\u00bb y sentenci\u00f3: \u00abNo estamos a la altura de las circunstancias\u00bb.<\/p>\n<p>Por su parte, el senador nacional Juan Abal Medina (FpV-PJ) opin\u00f3 que la medida \u00abno es irresponsable fiscalmente\u00bb y, al contrario de lo que plantea el oficialismo, \u00abes afrontable por parte del Estado\u00bb.<\/p>\n<p>\u00abEstos sectores que hoy gobiernan en su momento estuvieron a favor del 82 por ciento m\u00f3vil, que al d\u00eda de hoy tendr\u00eda un costo de m\u00e1s de 200 mil millones de pesos. El proyecto se puede implementar con 40 mil millones, una quinta parte\u00bb, argument\u00f3 el impulsor de la ley junto a Jaime Linares (GEN).<\/p>\n<h6>Fuente: La Capital Rosario<\/h6>\n","protected":false},"excerpt":{"rendered":"<p>En el triunvirato que conduce la central obrera replicaron con que las afirmaciones de Macri son \u00abuna falta de respeto\u00bb<\/p>\n","protected":false},"author":2,"featured_media":56252,"comment_status":"closed","ping_status":"closed","sticky":false,"template":"","format":"standard","meta":{"footnotes":""},"categories":[8],"tags":[21],"class_list":["post-56251","post","type-post","status-publish","format-standard","has-post-thumbnail","hentry","category-informe-nacional","tag-argentina"],"_links":{"self":[{"href":"http:\/\/argentinamunicipal.com.ar\/argentina\/wp-json\/wp\/v2\/posts\/56251","targetHints":{"allow":["GET"]}}],"collection":[{"href":"http:\/\/argentinamunicipal.com.ar\/argentina\/wp-json\/wp\/v2\/posts"}],"about":[{"href":"http:\/\/argentinamunicipal.com.ar\/argentina\/wp-json\/wp\/v2\/types\/post"}],"author":[{"embeddable":true,"href":"http:\/\/argentinamunicipal.com.ar\/argentina\/wp-json\/wp\/v2\/users\/2"}],"replies":[{"embeddable":true,"href":"http:\/\/argentinamunicipal.com.ar\/argentina\/wp-json\/wp\/v2\/comments?post=56251"}],"version-history":[{"count":0,"href":"http:\/\/argentinamunicipal.com.ar\/argentina\/wp-json\/wp\/v2\/posts\/56251\/revisions"}],"wp:featuredmedia":[{"embeddable":true,"href":"http:\/\/argentinamunicipal.com.ar\/argentina\/wp-json\/wp\/v2\/media\/56252"}],"wp:attachment":[{"href":"http:\/\/argentinamunicipal.com.ar\/argentina\/wp-json\/wp\/v2\/media?parent=56251"}],"wp:term":[{"taxonomy":"category","embeddable":true,"href":"http:\/\/argentinamunicipal.com.ar\/argentina\/wp-json\/wp\/v2\/categories?post=56251"},{"taxonomy":"post_tag","embeddable":true,"href":"http:\/\/argentinamunicipal.com.ar\/argentina\/wp-json\/wp\/v2\/tags?post=56251"}],"curies":[{"name":"wp","href":"https:\/\/api.w.org\/{rel}","templated":true}]}}