{"id":56257,"date":"2016-11-21T07:19:46","date_gmt":"2016-11-21T10:19:46","guid":{"rendered":"http:\/\/argentinamunicipal.com.ar\/argentina\/?p=56257"},"modified":"2016-11-21T07:19:46","modified_gmt":"2016-11-21T10:19:46","slug":"macrismo-la-emergencia-social-una-ridiculez","status":"publish","type":"post","link":"http:\/\/argentinamunicipal.com.ar\/argentina\/macrismo-la-emergencia-social-una-ridiculez\/","title":{"rendered":"Para el macrismo, la Emergencia Social es \u201cuna ridiculez\u201d"},"content":{"rendered":"<p>Tonelli y Monz\u00f3 criticaron el proyecto que tiene media sanci\u00f3n del Senado y expresaron que es \u00abuna ley netamente pol\u00edtica\u00bb<\/p>\n<p>El diputado nacional del PRO Pablo Tonelli y el presidente de la C\u00e1mara baja, Emlio Monz\u00f3, salieron a criticar la Ley de Emergencia Social impulsada por organizaciones sociales y aprobada esta semana en el Senado. \u00abLa viabilidad del proyecto es cero, es un cat\u00e1logo de ilusiones\u201d, manifest\u00f3 Tonelli al resumir la postura del macrismo frente a la norma que podr\u00eda ser vetada por el Presidente si se sanciona en Diputados. Desde la masiva movilizaci\u00f3n del viernes, los dirigentes de Cambiemos se esmeran en buscar argumentos que desacrediten el reclamo de creaci\u00f3n de fuentes de trabajo y responsabilizar al kirchnerismo de todos los males.<\/p>\n<p>En di\u00e1logo con el programa \u00abEl fin de la\u00a0met\u00e1fora\u201d de Radio Del Plata, Tonelli opin\u00f3 que \u201ces muy dif\u00edcil\u201d que se apruebe el proyecto porque es \u201cuna ridiculez cuyo \u00fanico sentido es demag\u00f3gico\u00bb. \u00a0\u201cEs una ley que carece de sentido, dice que se van a crear puestos de trabajo pero no dice c\u00f3mo se van a crear\u201d, abund\u00f3.<\/p>\n<p>Por su parte, Monz\u00f3 manifest\u00f3 en una entrevista al diario Perfil que la Emergencia Social \u00abes una buena idea que no se trabaj\u00f3 como corresponde\u00bb y a\u00f1adi\u00f3 que \u00abes una ley que termina como una expresi\u00f3n de deseo o una ley netamente pol\u00edtica\u00bb.<\/p>\n<p>\u00abLa emergencia es l\u00f3gica, los n\u00fameros dan cuenta de la pobreza que hay\u00bb, reconoci\u00f3 el presidente de Diputados. Sin embargo, sostuvo que \u00abestas cuestiones de fondo no se solucionan con proyectos hechos a la ligera ni buscando frases resonantes\u00bb.<\/p>\n<h6>Fuente: P\u00e1gina 12<\/h6>\n","protected":false},"excerpt":{"rendered":"<p>Tonelli y Monz\u00f3 criticaron el proyecto que tiene media sanci\u00f3n del Senado y expresaron que es \u00abuna ley netamente pol\u00edtica\u00bb<\/p>\n","protected":false},"author":2,"featured_media":56258,"comment_status":"closed","ping_status":"closed","sticky":false,"template":"","format":"standard","meta":{"footnotes":""},"categories":[8],"tags":[21],"class_list":["post-56257","post","type-post","status-publish","format-standard","has-post-thumbnail","hentry","category-informe-nacional","tag-argentina"],"_links":{"self":[{"href":"http:\/\/argentinamunicipal.com.ar\/argentina\/wp-json\/wp\/v2\/posts\/56257","targetHints":{"allow":["GET"]}}],"collection":[{"href":"http:\/\/argentinamunicipal.com.ar\/argentina\/wp-json\/wp\/v2\/posts"}],"about":[{"href":"http:\/\/argentinamunicipal.com.ar\/argentina\/wp-json\/wp\/v2\/types\/post"}],"author":[{"embeddable":true,"href":"http:\/\/argentinamunicipal.com.ar\/argentina\/wp-json\/wp\/v2\/users\/2"}],"replies":[{"embeddable":true,"href":"http:\/\/argentinamunicipal.com.ar\/argentina\/wp-json\/wp\/v2\/comments?post=56257"}],"version-history":[{"count":0,"href":"http:\/\/argentinamunicipal.com.ar\/argentina\/wp-json\/wp\/v2\/posts\/56257\/revisions"}],"wp:featuredmedia":[{"embeddable":true,"href":"http:\/\/argentinamunicipal.com.ar\/argentina\/wp-json\/wp\/v2\/media\/56258"}],"wp:attachment":[{"href":"http:\/\/argentinamunicipal.com.ar\/argentina\/wp-json\/wp\/v2\/media?parent=56257"}],"wp:term":[{"taxonomy":"category","embeddable":true,"href":"http:\/\/argentinamunicipal.com.ar\/argentina\/wp-json\/wp\/v2\/categories?post=56257"},{"taxonomy":"post_tag","embeddable":true,"href":"http:\/\/argentinamunicipal.com.ar\/argentina\/wp-json\/wp\/v2\/tags?post=56257"}],"curies":[{"name":"wp","href":"https:\/\/api.w.org\/{rel}","templated":true}]}}