{"id":56266,"date":"2016-11-21T07:40:59","date_gmt":"2016-11-21T10:40:59","guid":{"rendered":"http:\/\/argentinamunicipal.com.ar\/argentina\/?p=56266"},"modified":"2016-11-21T07:40:59","modified_gmt":"2016-11-21T10:40:59","slug":"causa-y-efecto","status":"publish","type":"post","link":"http:\/\/argentinamunicipal.com.ar\/argentina\/causa-y-efecto\/","title":{"rendered":"Causa y efecto"},"content":{"rendered":"<p>Una serie de indicios demuestra o har\u00eda sospechar que el Gobierno entra en un per\u00edodo particularmente convulso, con muy pocas ayudas o quiz\u00e1s una sola \u2013el desperdigue opositor\u2013 para timonearlo sin mayores problemas.<\/p>\n<p>Por empezar es cierto que, como se acerca un a\u00f1o electoral, el opo-oficialismo va corri\u00e9ndose hacia posiciones m\u00e1s duras. Se suma a las protestas, o bien se muestra comprensivo ante ellas. Desde el propio establishment econ\u00f3mico, que conforma la coalici\u00f3n de derechas gobernante, surgen reforzadas las voces de alarma. Otro tanto ocurre en la prensa oficialista. Y personalidades de \u00e9sas que, siempre, hacen gala de su moderaci\u00f3n, se despachan con cr\u00edticas hasta feroces. Sobresali\u00f3 Roberto Lavagna, asesor hace rato de Sergio Massa y quien dijo que esto es como la dictadura o los 90, que no existen se\u00f1ales de recuperaci\u00f3n, que salir de la fiesta de endeudamiento macrista costar\u00e1 much\u00edsimo tras haberse quitado la piedra de deber en d\u00f3lares y que responsabilizar a Donald Trump, por lo que pueda agravarse, no tiene sentido porque el 80 por ciento de lo que vaya a suceder ser\u00e1 por cuestiones locales. A Casa Rosada le sentaron peor que mal los dichos de Lavagna, al no esperar tama\u00f1a cr\u00edtica de un hombre parco, nada habituado a las declaraciones altisonantes, quien como adherente al massismo \u2013si es que tal ismo correspondiera\u2013 guard\u00f3 silencio durante este a\u00f1o en que el Gobierno perpetr\u00f3 lo ahora descubierto, o manifestado, por el ex ministro de Econom\u00eda de Kirchner. Que la respuesta macrista central haya quedado a cargo de Rogelio Frigerio, una de las torres pol\u00edticas del oficialismo, da cuenta del estupor gubernamental. Lo blanque\u00f3 el mismo ministro del Interior al aceptar que la frase de Lavagna, compar\u00e1ndolos con militares y Menem, lo descoloc\u00f3. \u201cNo entiendo a qu\u00e9 se refiere\u201d, dijo Frigerio, aunque lo entiende muy bien. Tan bien que su retruque no fue t\u00e9cnico, sino anclado en los versos de la herencia recibida que van gast\u00e1ndose con prisa y sin pausa. En rigor, hay dos partes sustanciales del legado que al macrismo le resultaron fant\u00e1sticas en el corto plazo: recibieron uno de los pa\u00edses menos endeudados del mundo y la capacidad adquisitiva de los asalariados era competitiva con la inflaci\u00f3n, con lo cual tuvieron y tienen margen para, respectivamente, conseguir financiamiento a efectos de que ingresen d\u00f3lares disimuladores y amortiguar el descontento social. Por lo dem\u00e1s, desde cualquier an\u00e1lisis basado en datos experimentados, es imposible desmentir que hay la repetici\u00f3n de causas con lo sucedido en dictadura y menemato salvo \u2013nada menos, no se pierde vista\u2013 la existencia del terrorismo de Estado y el hecho de que el riojano escenific\u00f3 la absorci\u00f3n peronista por derecha con ninguna resistencia. Luego, sin abundar: festival de deuda externa, transferencia de ingresos a los sectores m\u00e1s concentrados de la riqueza, restricci\u00f3n del mercado interno y consecuente achicamiento del aparato productivo a favor del capital financiero, con sus papelitos que son de colores como estad\u00edo del desarrollo pero firmes cuando hay que pagar los intereses. \u00bfC\u00f3mo se replica, en consecuencia, que Macri, Menem y los militares son al cabo igual cosa en t\u00e9rminos de modelaje econ\u00f3mico, salvadas aquellas distancias epocales de que no hay partido militar como brazo armado de la clase dominante, ni una licuaci\u00f3n total del peronismo en funci\u00f3n de esa clase porque la experiencia kirchnerista mantiene un vigor desmembrado, pero vigor al fin? (y salvo, tambi\u00e9n, que Massa es precisamente la salida por derecha que imagina la alianza de \u00eddem).<\/p>\n<p>Los n\u00fameros oficiales revelan que para hallar un \u00edndice tan deprimente de producci\u00f3n industrial debe retrocederse hasta el segundo trimestre de 2003. Como escribi\u00f3 Alfredo Zaiat en su columna del domingo pasado, aun cuando hubiere una recuperaci\u00f3n las empresas atender\u00e1n la mayor demanda expandiendo lo que ya tienen ociosamente instalado. \u201cPretender un comportamiento diferente del empresariado, porque Macri proviene de una familia que hizo su fortuna como contratista del Estado y con apelaciones a la voluntad emprendedora, es de una ingenuidad que no se ense\u00f1a en los manuales de Econom\u00eda ni, mucho menos, en la gesti\u00f3n pol\u00edtica de gobernar\u201d. Eso es lo que volvi\u00f3 a reflejarse desde las usinas de la UIA, que ya no s\u00f3lo insisten de manera oficiosa con que la econom\u00eda no arranca. Adri\u00e1n Kaufmann, titular del \u00f3rgano fabril, puso la cara el jueves para decir que la ca\u00edda industrial se profundiza. Y se alerta, desde los voceros period\u00edsticos del macrismo, que Macri decidi\u00f3 meterse en la pelea entre el Ministerio de Econom\u00eda y el Banco Central. Si quiere nomin\u00e1rselo, la situaci\u00f3n no da para demasiado m\u00e1s entre Alfonso Prat Gay, quien pretende aflojar un poco como si pudiera desentenderse del patr\u00f3n al que tributa, y Adolfo Sturzenneger, que es un monetarista atrasado veinte a\u00f1os y convencido de que por v\u00eda del ajuste fiscal se domar\u00e1 la inflaci\u00f3n. No es que Macri entienda mucho del tema, sino que ve venir las elecciones de 2017 y estar\u00eda prefiriendo alguna dosis del \u201cpopulismo\u201d que se cans\u00f3 de cuestionarle a los kirchneristas. Por hache o be, se expone que la tropa duranbarbesca lleg\u00f3 much\u00edsimo antes por el disgusto con las formas del gobierno anterior que debido a la necesidad de cambiar con alg\u00fan plan coherente; no importa que de derecha expl\u00edcita o fraguada, pero coherente. Eso es lo que no hay y lo que no advirti\u00f3, no le interes\u00f3, no le pareci\u00f3 sustantivo, a una porci\u00f3n finalmente mayoritaria de los votantes. Emanuel \u00c1lvarez Agis, el economista que secund\u00f3 a Axel Kicillof y cuya rigurosidad profesional no es puesta en duda desde la vereda contraria, dice que algo peor que un programa de derecha es tener tres programas de derecha. Y eso es justamente lo que contradice a la verticalidad macrista. Tienen un Banco Central que promueve fest\u00edn de tasas de inter\u00e9s y bicicleta financiera; un Ministerio de Econom\u00eda conteste de que por ese camino van a contramano del mundo, pero atado a una conducci\u00f3n pol\u00edtica que Macri no lidera, y un forcejeo permanente entre los intereses del complejo agroexportador y los del sector industrial por el tipo de cambio. El Gobierno es as\u00ed tan inexperto \u2013en su operatividad, no en sus intenciones\u2013 como la falta de memoria que lo condujo al poder.<\/p>\n<p>En medio de esa tensi\u00f3n, hubo la marcha originalmente convocada por varios movimientos sociales y a la que se pleg\u00f3 el triunvirato de la CGT. A nadie en su sano juicio, desde el campo popular, se le ocurrir\u00eda poner en cuesti\u00f3n el despliegue de acciones que tiendan a mitigar los efectos de este modelo. As\u00ed lo indic\u00f3 el viernes un texto de La C\u00e1mpora al que se invalid\u00f3 desde la mala fama de la agrupaci\u00f3n, incluyendo el se\u00f1alamiento de que sus dirigentes fueron part\u00edcipes responsables de la derrota. Pero, cuando el escrito problematiza la l\u00ednea pol\u00edtica de los reclamos, no es correcto contestarle con el mero expediente del prontuario. Al referirse a la ley de \u201cEmergencia Social y de las Organizaciones de la Econom\u00eda Popular\u201d, que Cambiemos obturar\u00e1 en Diputados, dice el escrito que \u201clas medidas econ\u00f3micas del actual Gobierno generan pobreza y desigualdad como \u00fanico resultado posible y en forma sistem\u00e1tica. No como excepci\u00f3n, sino como regla\u201d. A\u00f1ade que \u201cla acci\u00f3n misma del \u2018amague\u2019 se transforma en complicidad si no se act\u00faa. Se termina siendo parte de una oposici\u00f3n \u2018permitida\u2019 que no discute lo que hay que discutir, sino que se sorprende y decreta \u2018emergencias\u2019 que todos sab\u00edamos que se iban a producir. (\u2026) No discutir las bases del modelo, y afirmar que esto es el resultado de un fen\u00f3meno meteorol\u00f3gico, es una maniobra que se utiliz\u00f3 en el pasado reciente en la Argentina para mantener el statu quo\u201d. Los discursos escuchados frente al Congreso, que la prensa en general observ\u00f3 como un \u201cendurecimiento\u201d de la CGT, ratificaron que esa dirigencia efectivamente pareciera mirar los corolarios de la pol\u00edtica econ\u00f3mica cual efecto no deseado. La exigencia un\u00e1nime de ayuda social como aspiraci\u00f3n prioritaria no deja lugar para otra conclusi\u00f3n, que no es de izquierda de cafet\u00edn. El moyanista Juan Carlos Schmid previno que van a negociar y confrontar a la vez. Lo primero est\u00e1 clar\u00edsimo y lo segundo ya semeja a la amenaza de un personaje de Capusotto. Pero la menci\u00f3n m\u00e1s destacada de las palabras de Schmid fue que durante el gobierno anterior reclamaban s\u00f3lo por los laburantes registrados debido a que hab\u00eda trabajo. Si a confesi\u00f3n de partes relevo de pruebas, y como si la ex vara alta justificara haber ignorado a excluidos y trabajadores informales, lo que el cegetista admite es que hab\u00eda un pa\u00eds m\u00e1s justo. Y lo que no reconoce es que varias huestes sindicales contribuyeron a su ocaso, para favorecer la llegada de una derecha a la que hoy le piden clemencia.<\/p>\n<p>Por supuesto que se est\u00e1 a tiempo de recuperaci\u00f3n, en la medida de saberse identificar, y confrontar en serio, contra un Gobierno que no est\u00e1 equivoc\u00e1ndose. Cumple con las franjas del privilegio que representa.<\/p>\n<h6>Por: Eduardo Aliverti<\/h6>\n<h6>Fuente: P\u00e1gina 12<\/h6>\n","protected":false},"excerpt":{"rendered":"<p>Una serie de indicios demuestra o har\u00eda sospechar que el Gobierno entra en un per\u00edodo particularmente convulso, con muy pocas ayudas o quiz\u00e1s una sola \u2013el desperdigue opositor\u2013 para timonearlo sin mayores problemas.<\/p>\n","protected":false},"author":2,"featured_media":56267,"comment_status":"closed","ping_status":"closed","sticky":false,"template":"","format":"standard","meta":{"footnotes":""},"categories":[6],"tags":[21],"class_list":["post-56266","post","type-post","status-publish","format-standard","has-post-thumbnail","hentry","category-opiniones","tag-argentina"],"_links":{"self":[{"href":"http:\/\/argentinamunicipal.com.ar\/argentina\/wp-json\/wp\/v2\/posts\/56266","targetHints":{"allow":["GET"]}}],"collection":[{"href":"http:\/\/argentinamunicipal.com.ar\/argentina\/wp-json\/wp\/v2\/posts"}],"about":[{"href":"http:\/\/argentinamunicipal.com.ar\/argentina\/wp-json\/wp\/v2\/types\/post"}],"author":[{"embeddable":true,"href":"http:\/\/argentinamunicipal.com.ar\/argentina\/wp-json\/wp\/v2\/users\/2"}],"replies":[{"embeddable":true,"href":"http:\/\/argentinamunicipal.com.ar\/argentina\/wp-json\/wp\/v2\/comments?post=56266"}],"version-history":[{"count":0,"href":"http:\/\/argentinamunicipal.com.ar\/argentina\/wp-json\/wp\/v2\/posts\/56266\/revisions"}],"wp:featuredmedia":[{"embeddable":true,"href":"http:\/\/argentinamunicipal.com.ar\/argentina\/wp-json\/wp\/v2\/media\/56267"}],"wp:attachment":[{"href":"http:\/\/argentinamunicipal.com.ar\/argentina\/wp-json\/wp\/v2\/media?parent=56266"}],"wp:term":[{"taxonomy":"category","embeddable":true,"href":"http:\/\/argentinamunicipal.com.ar\/argentina\/wp-json\/wp\/v2\/categories?post=56266"},{"taxonomy":"post_tag","embeddable":true,"href":"http:\/\/argentinamunicipal.com.ar\/argentina\/wp-json\/wp\/v2\/tags?post=56266"}],"curies":[{"name":"wp","href":"https:\/\/api.w.org\/{rel}","templated":true}]}}