{"id":56307,"date":"2016-11-22T07:20:29","date_gmt":"2016-11-22T10:20:29","guid":{"rendered":"http:\/\/argentinamunicipal.com.ar\/argentina\/?p=56307"},"modified":"2016-11-22T07:20:29","modified_gmt":"2016-11-22T10:20:29","slug":"lavagna-este-modelo-termina-colapso","status":"publish","type":"post","link":"http:\/\/argentinamunicipal.com.ar\/argentina\/lavagna-este-modelo-termina-colapso\/","title":{"rendered":"Lavagna: \u00abEste modelo termina en un colapso\u00bb"},"content":{"rendered":"<p>El economista referente del massismo cuestion\u00f3 el alto endeudamiento del gobierno y llam\u00f3 a rediscutir los lineamientos de fondo.<\/p>\n<p>El ex ministro de Econom\u00eda, Roberto Lavagna, consider\u00f3 que el actual modelo econ\u00f3mico es de ajuste y funciona con endeudamiento, lo que \u00abindefectiblemente termina en una situaci\u00f3n de colapso\u00bb.<\/p>\n<p>El economista referente del Frente Renovador respondi\u00f3 a las cr\u00edticas recibidas por comparar la situaci\u00f3n actual con la de los 90 y la dictadura militar.<\/p>\n<p>\u00abEl modelo actual funciona con endeudamiento, cosa que empieza a ocurrir. Entonces, mi planteo es: discutamos la cuesti\u00f3n a fondo\u00bb, dijo Lavagna y dispar\u00f3 las cr\u00edticas de funcionarios del gobierno nacional quienes aseguraron que la propuesta del economista para salir de la recesi\u00f3n pasan por una \u00abdevaluaci\u00f3n y ajuste\u00bb (ver aparte) .<\/p>\n<p><strong>Un combo fatal.<\/strong> \u00abEste tipo de modelo que combina tasas de inter\u00e9s fenomenalmente altas, d\u00f3lar fijo o cayendo, el bolsillo del grueso de la poblaci\u00f3n enflaqueci\u00e9ndose, el empleo debilit\u00e1ndose, indefectiblemente requiere el endeudamiento externo e indefectiblemente termina en una situaci\u00f3n de colapso\u00bb, describi\u00f3 Lavagna.<\/p>\n<p>Consider\u00f3 que \u00abel actual modelo se identifica cada vez m\u00e1s con el final del gobierno de Cristina Kirchner (en materia cambiaria). Y ah\u00ed hay algunas pocas alternativas que en la Argentina se han usado, como la utilizada para salir de la supercrisis de 2001, que busca un equilibrio distinto del que persiguen estos dos modelos. Hablo de esto, no de los militares en t\u00e9rminos de otras cosas\u00bb.<\/p>\n<p>\u00abDigamos las cosas como son: la tasa de inter\u00e9s es alta, es alt\u00edsima, a punto tal que ninguna empresa puede competir con el Estado cuando toma los fondos\u00bb, expres\u00f3.<\/p>\n<p>\u00abEs cierto que el d\u00f3lar arranc\u00f3 a 15 pesos despu\u00e9s de la devaluaci\u00f3n para ajustar el error del gobierno anterior, y que despu\u00e9s lo dejaron caer hasta 13 y pico, y que hace unos d\u00edas toc\u00f3 14 y algo. \u00bfEs cierto o no es cierto? \u00bfEs cierto o no es cierto que est\u00e1n emitiendo deuda masivamente? Bueno, si es cierto, discutamos los efectos de esto\u00bb, expres\u00f3.<\/p>\n<p>Lavagna expres\u00f3: \u00abno voy a decir que la situaci\u00f3n heredada era buena: era mala, pero a veces se exagera. Y ahora digo: cuidado con agarrarse del efecto Trump\u00bb.<\/p>\n<p>\u00abCuidado con echarle la culpa a Trump. Empiezan a ocultar los errores y los fracasos de pol\u00edtica econ\u00f3mica. Hay otros planos donde el gobierno ha andado bien, y me alegro enormemente. En materia de pol\u00edtica econ\u00f3mica y social no anda bien y tiene una tendencia a empeorar\u00bb, expres\u00f3 el ex ministro de Econom\u00eda.<\/p>\n<p>Consultado sobre si la econom\u00eda va a crecer en el 2017, respondi\u00f3: \u00abs\u00ed, pero muy poco. Lo que cay\u00f3 en el 2016\u00bb, y estim\u00f3 que en el conjunto de seis a\u00f1os el \u00abbalance es cero\u00bb.<\/p>\n<p><strong>Un cambio de rumbo<\/strong>. A las cr\u00edticas de Lavagna se sumaron las del otro economista tambi\u00e9n referente del FR y ex presidente del Banco Central Aldo Pignanelli, quien asegur\u00f3 que la Argentina va hacia un \u00abcolapso\u00bb econ\u00f3mico si el gobierno \u00abno reacciona a tiempo y redirecciona sus medidas\u00bb.<\/p>\n<p>El economista se mostr\u00f3 de acuerdo con lo que postul\u00f3 Lavagna, al sostener que \u00abs\u00ed (se puede ir hacia un colapso) porque as\u00ed lo dice la historia. Cuando se aplic\u00f3 este tipo de medidas, generalmente se termin\u00f3 en un problema serio, como en los 90 o en los 70. Y es lo que hay que evitar\u00bb.<\/p>\n<p>El economista aclar\u00f3 que cuando \u00e9l y Lavagna compararon a Cambiemos con la \u00faltima dictadura militar no lo hicieron en t\u00e9rmicos pol\u00edticos, sino desde el punto de vista de que las medidas econ\u00f3micas \u00abse parecen\u00bb.<\/p>\n<p>Por otra parte, Pignanelli indic\u00f3 que el colapso se podr\u00eda producir cuando el mercado financiero internacional deje de prestarle dinero a la Argentina, momento en el que el gobierno se ver\u00e1 obligado a realizar un \u00abajuste m\u00e1s dr\u00e1stico.<\/p>\n<p><strong>La demanda de energ\u00eda cay\u00f3<\/strong><\/p>\n<p>La demanda global de energ\u00eda el\u00e9ctrica baj\u00f3 en octubre 7,2% en comparaci\u00f3n con el mismo per\u00edodo del a\u00f1o anterior, con temperaturas superiores a las registradas en 2015 y en el contexto de las audiencias p\u00fablicas por las tarifas, indic\u00f3 ayer la Fundaci\u00f3n para el Desarrollo El\u00e9ctrico (Fundelec). En octubre de 2016, la demanda neta total del MEM (Mercado El\u00e9ctrico Mayorista) fue de 9.941,6 GWh (gigavatios hora), contra 10.717,9 GWh de igual lapso de 2015.<\/p>\n<h6>Fuente: La Capital Rosario<\/h6>\n","protected":false},"excerpt":{"rendered":"<p>El economista referente del massismo cuestion\u00f3 el alto endeudamiento del gobierno y llam\u00f3 a rediscutir los lineamientos de fondo.<\/p>\n","protected":false},"author":2,"featured_media":56308,"comment_status":"closed","ping_status":"closed","sticky":false,"template":"","format":"standard","meta":{"footnotes":""},"categories":[8],"tags":[21],"class_list":["post-56307","post","type-post","status-publish","format-standard","has-post-thumbnail","hentry","category-informe-nacional","tag-argentina"],"_links":{"self":[{"href":"http:\/\/argentinamunicipal.com.ar\/argentina\/wp-json\/wp\/v2\/posts\/56307","targetHints":{"allow":["GET"]}}],"collection":[{"href":"http:\/\/argentinamunicipal.com.ar\/argentina\/wp-json\/wp\/v2\/posts"}],"about":[{"href":"http:\/\/argentinamunicipal.com.ar\/argentina\/wp-json\/wp\/v2\/types\/post"}],"author":[{"embeddable":true,"href":"http:\/\/argentinamunicipal.com.ar\/argentina\/wp-json\/wp\/v2\/users\/2"}],"replies":[{"embeddable":true,"href":"http:\/\/argentinamunicipal.com.ar\/argentina\/wp-json\/wp\/v2\/comments?post=56307"}],"version-history":[{"count":0,"href":"http:\/\/argentinamunicipal.com.ar\/argentina\/wp-json\/wp\/v2\/posts\/56307\/revisions"}],"wp:featuredmedia":[{"embeddable":true,"href":"http:\/\/argentinamunicipal.com.ar\/argentina\/wp-json\/wp\/v2\/media\/56308"}],"wp:attachment":[{"href":"http:\/\/argentinamunicipal.com.ar\/argentina\/wp-json\/wp\/v2\/media?parent=56307"}],"wp:term":[{"taxonomy":"category","embeddable":true,"href":"http:\/\/argentinamunicipal.com.ar\/argentina\/wp-json\/wp\/v2\/categories?post=56307"},{"taxonomy":"post_tag","embeddable":true,"href":"http:\/\/argentinamunicipal.com.ar\/argentina\/wp-json\/wp\/v2\/tags?post=56307"}],"curies":[{"name":"wp","href":"https:\/\/api.w.org\/{rel}","templated":true}]}}