{"id":56310,"date":"2016-11-22T06:22:34","date_gmt":"2016-11-22T09:22:34","guid":{"rendered":"http:\/\/argentinamunicipal.com.ar\/argentina\/?p=56310"},"modified":"2016-11-22T07:25:02","modified_gmt":"2016-11-22T10:25:02","slug":"la-plata-sin-justificar","status":"publish","type":"post","link":"http:\/\/argentinamunicipal.com.ar\/argentina\/la-plata-sin-justificar\/","title":{"rendered":"La plata sin justificar"},"content":{"rendered":"<p>El abogado Leonardo Mart\u00ednez Herrero reclam\u00f3 que la vicepresidenta sea interrogada como sospechosa de enriquecimiento il\u00edcito, incumplimiento de deberes y omisi\u00f3n maliciosa. Sostiene que no justific\u00f3 el origen de la plata que denunci\u00f3 que le robaron.<\/p>\n<p>\u201cCon lo que hay hasta ahora alcanzar\u00eda y sobrar\u00eda para citarla (a Gabriela Michetti) a prestar declaraci\u00f3n indagatoria, y as\u00ed lo solicito, por enriquecimiento il\u00edcito, incumplimiento de los deberes de funcionario p\u00fablico y omisi\u00f3n maliciosa sin perjuicio de continuar investigando a la Fundaci\u00f3n Suma, de la cual ella es titular, junto con el resto de sus integrantes, por otros delitos, como lavado de activos, adem\u00e1s de las restantes fundaciones que obran en la causa\u201d, dice un escrito que present\u00f3 ayer en el juzgado de Ariel Lijo el abogado que hizo la denuncia que dio origen a la investigaci\u00f3n. La vicepresidenta contest\u00f3 un rato m\u00e1s tarde en el Senado: \u201cLa Justicia tiene todo. Si necesita algo m\u00e1s lo va a tener, estoy s\u00faper tranquila. Es bueno que la causa tenga un \u00e1mbito de resoluci\u00f3n que sea un juzgado y no un parlancher\u00edo medi\u00e1tico. Hemos dado m\u00e1s prueba de la que nos pidieron\u201d.<\/p>\n<p>El abogado Leonardo Mart\u00ednez Herrero refuta que Michetti haya presentado pruebas de m\u00e1s. Al contrario, dice que mientras deber\u00eda demostrar y justificar el origen leg\u00edtimo de los 245.000 pesos y 50.000 d\u00f3lares que fueron robados de su casa \u2013porque as\u00ed lo requiere el delito de enriquecimiento il\u00edcito, que invierte la carga de la prueba\u2013 ella no ofreci\u00f3 ninguna prueba documental sino s\u00f3lo testigos conocidos suyos, varios de ellos miembros incluso de SUMA, que dicen que le dieron ese dinero en efectivo como aporte para la cena de fin de a\u00f1o de la fundaci\u00f3n. El presidente provisional del Senado, Federico Pinedo, fue uno de los que recaud\u00f3, igual que el jefe de despacho de Michetti, Santiago Riob\u00f3, y la hermana, Silvina Michetti, quienes tambi\u00e9n dicen que hicieron sus aportes.<\/p>\n<p>Michetti present\u00f3 hasta ahora una veintena de testigos (amigos, conocidos, empleados suyos del Senado y dirigentes) que dieron una misma explicaci\u00f3n cuando fueron citados: que aportaron dinero en efectivo ante el pedido de colaboraci\u00f3n para el festejo anual de SUMA, por montos de entre 5000 y 15.000 pesos; y que nadie les dio un recibo, algo que atribuyen a que el dinero nunca lleg\u00f3 a la fundaci\u00f3n porque antes fue robado.<\/p>\n<p>Una de las testigos, Claudia del Valle Nunia, fue denunciada ayer mismo por presunto falso testimonio. Cuando declar\u00f3, dijo que trabaja de manera independiente, como consultora de empresas, en su especialidad como ingeniera, y que percibe ingresos por unos 25.000 pesos mensuales. Pero todo indica que ser\u00eda socia de la hermana de Michetti en la empresa SIL SA., operadora de la tintorer\u00eda 5 \u00e0 Sec, entre otras empresas de limpieza, que factura m\u00e1s de 1,5 mill\u00f3n de pesos. Cuando le preguntaron sobre esta cuesti\u00f3n Michetti dijo: \u201cNo s\u00e9 a qu\u00e9 se refiere, no estoy en tema. Est\u00e1 el abogado. No quiero ni debo hablar porque as\u00ed lo decidimos con el abogado\u201d. \u201cYo estoy con una paz, con una tranquilidad que as\u00ed apoyo mi cabeza en la almohada y duermo sin problemas. Espero que termine la causa y despu\u00e9s dir\u00e9 lo que tenga que decir\u201d, agreg\u00f3 la vicepresidenta mostr\u00e1ndose despreocupada.<\/p>\n<p>En el mismo escrito, Mart\u00ednez Herrero puntualiza las irregularidades por las que considera que Michetti ya deber\u00eda ser indagada:<\/p>\n<p>\u201cLa resoluci\u00f3n 3166\/2011 de la AFIP proh\u00edbe hacer las donaciones en efectivo y ordena que sean bancarizadas\u201d.<\/p>\n<p>\u201cNo existen recibos emitidos por la fundaci\u00f3n SUMA o qui\u00e9n recibi\u00f3 el dinero en nombre de ella\u201d.<\/p>\n<p>\u201cSi el dinero era para la fundaci\u00f3n \u00bfPpor qu\u00e9 se recaud\u00f3 en el Senado? \u00bfPor qu\u00e9 el jefe de despacho lo llev\u00f3 a su propia casa despu\u00e9s, otro d\u00eda los traslad\u00f3 a la casa del novio de Michetti y \u00e9ste finalmente lo dej\u00f3 en la casa de ella?\u201d<\/p>\n<p>\u201cNo veo el por qu\u00e9 de no asentar el origen del dinero que era legal y para la fundaci\u00f3n extendiendo el recibo correspondiente a no ser que fuera para otros fines, como por ejemplo ser usados por la senadora Michetti.\u201d Y \u201c\u00bfcu\u00e1l era la urgencia para recaudar el dinero en efectivo?\u201d<\/p>\n<p>El robo en la casa de Michetti fue el 22 de noviembre de 2015, el mismo d\u00eda del ballottage presidencial, y la cena deb\u00eda ser abonada una semana despu\u00e9s. De hecho, igual fue pagada.<\/p>\n<p>\u201cMichetti no puede justificar el dinero que estaba en su domicilio. Otro dato sumamente curioso es que el dinero hace todo un recorrido desde el despacho en el Senado, pero la fundaci\u00f3n queda a la vuelta. \u00bfPor qu\u00e9 no lo llevaban ah\u00ed directo si era para la cena? \u00bfY por qu\u00e9 si el dinero se lo roban a la fundaci\u00f3n no es \u00e9sta la que hace la denuncia sino Michetti?\u201d, se pregunta en di\u00e1logo con P\u00e1ginaI12 el abogado.<\/p>\n<p>En el juzgado de Lijo todav\u00eda aguardan informaci\u00f3n bancaria relacionada tambi\u00e9n con las otras fundaciones investigadas que est\u00e1n vinculadas a dirigentes del PRO: Formar, presidida por el ministro de Transporte, Guillermo Dietrich; Fundar, a cargo del secretario de Seguridad, Eugenio Burzaco, y Pericles, de Fabi\u00e1n Rodr\u00edguez Sim\u00f3n, colaborador personal del presidente Mauricio Macri y diputado del Parlasur. Al momento de la apertura de la causa, ni \u00e9stas ni SUMA hab\u00edan presentado balances en la Inspecci\u00f3n General de Justicia.<\/p>\n<h6>Fuente: P\u00e1gina 12<\/h6>\n","protected":false},"excerpt":{"rendered":"<p>El abogado Leonardo Mart\u00ednez Herrero reclam\u00f3 que la vicepresidenta sea interrogada como sospechosa de enriquecimiento il\u00edcito, incumplimiento de deberes y omisi\u00f3n maliciosa.<\/p>\n","protected":false},"author":2,"featured_media":56311,"comment_status":"closed","ping_status":"closed","sticky":false,"template":"","format":"standard","meta":{"footnotes":""},"categories":[8],"tags":[21],"class_list":["post-56310","post","type-post","status-publish","format-standard","has-post-thumbnail","hentry","category-informe-nacional","tag-argentina"],"_links":{"self":[{"href":"http:\/\/argentinamunicipal.com.ar\/argentina\/wp-json\/wp\/v2\/posts\/56310","targetHints":{"allow":["GET"]}}],"collection":[{"href":"http:\/\/argentinamunicipal.com.ar\/argentina\/wp-json\/wp\/v2\/posts"}],"about":[{"href":"http:\/\/argentinamunicipal.com.ar\/argentina\/wp-json\/wp\/v2\/types\/post"}],"author":[{"embeddable":true,"href":"http:\/\/argentinamunicipal.com.ar\/argentina\/wp-json\/wp\/v2\/users\/2"}],"replies":[{"embeddable":true,"href":"http:\/\/argentinamunicipal.com.ar\/argentina\/wp-json\/wp\/v2\/comments?post=56310"}],"version-history":[{"count":0,"href":"http:\/\/argentinamunicipal.com.ar\/argentina\/wp-json\/wp\/v2\/posts\/56310\/revisions"}],"wp:featuredmedia":[{"embeddable":true,"href":"http:\/\/argentinamunicipal.com.ar\/argentina\/wp-json\/wp\/v2\/media\/56311"}],"wp:attachment":[{"href":"http:\/\/argentinamunicipal.com.ar\/argentina\/wp-json\/wp\/v2\/media?parent=56310"}],"wp:term":[{"taxonomy":"category","embeddable":true,"href":"http:\/\/argentinamunicipal.com.ar\/argentina\/wp-json\/wp\/v2\/categories?post=56310"},{"taxonomy":"post_tag","embeddable":true,"href":"http:\/\/argentinamunicipal.com.ar\/argentina\/wp-json\/wp\/v2\/tags?post=56310"}],"curies":[{"name":"wp","href":"https:\/\/api.w.org\/{rel}","templated":true}]}}