{"id":56313,"date":"2016-11-22T07:30:44","date_gmt":"2016-11-22T10:30:44","guid":{"rendered":"http:\/\/argentinamunicipal.com.ar\/argentina\/?p=56313"},"modified":"2016-11-22T07:30:44","modified_gmt":"2016-11-22T10:30:44","slug":"macri-ahora-va-los-convenios-colectivos","status":"publish","type":"post","link":"http:\/\/argentinamunicipal.com.ar\/argentina\/macri-ahora-va-los-convenios-colectivos\/","title":{"rendered":"Macri ahora va por los convenios colectivos"},"content":{"rendered":"<p>Luego del multitudinario acto de la CGT y los movimiento sociales, Mauricio Macri consider\u00f3 que los convenios debilitan los puestos de trabajo. Pidi\u00f3 la renovaci\u00f3n de la c\u00fapula de los sindicatos. Desde la oposici\u00f3n lo acusaron de un nuevo intento de flexibilizaci\u00f3n laboral.<\/p>\n<p>El presidente Mauricio Macri sostuvo que se deben rediscutir \u201ctodos los convenios laborales\u201d para adaptarlos \u201cal siglo XXI\u201d. \u201cAl aferrarnos a esos convenios debilitamos los puestos de trabajo que tenemos. No s\u00f3lo no nos fortalecemos, sino que ponemos en peligro lo que tenemos\u201d, argument\u00f3 el mandatario, que tambi\u00e9n pidi\u00f3 renovaci\u00f3n en las conducciones de los sindicatos. Sus palabras llegaron luego del multitudinario acto del viernes, impulsado por la CGT y los movimientos sociales para reclamar la sanci\u00f3n de la ley de Emergencia Social que, seg\u00fan Macri, lleva a \u201cuna cultura del atajo y la avivada\u201d. Desde la central sindical no tuvieron oportunidad de contestarle al Presidente: ayer estuvieron con el ministro de Trabajo, Jorge Triaca, en un encuentro preparatorio de la segunda convocatoria del Di\u00e1logo para la Producci\u00f3n, prevista para ma\u00f1ana. Desde la CTA y el kirchnerismo cuestionaron a Macri por \u201cbuscar la flexibilizaci\u00f3n laboral\u201d.<\/p>\n<p>La frase del Presidente cay\u00f3 durante el lanzamiento de un plan para capacitar en herramientas digitales, a partir de un convenio entre el Ministerio de Educaci\u00f3n y la empresa multinacional de marketing digital Internet Media Services (IMS), que tiene su casa madre en Miami y oficinas en pa\u00edses como Panam\u00e1, Brasil o la Argentina.<\/p>\n<p>\u201cNecesitamos tambi\u00e9n que los gremios se renueven y tengan la capacidad de actualizarse\u201d, indic\u00f3 Macri en medio de un discurso sobre la modernizaci\u00f3n. \u201cTal vez pensar si los mismos dirigentes que han conducido los gremios se est\u00e1n dando cuenta de esta necesidad, o tal vez ellos se tienen que plantear una renovaci\u00f3n interna\u201d, advirti\u00f3. El Presidente detall\u00f3 que \u201ceso significa sentarse en la mesa y discutir todos los convenios laborales porque estamos en el siglo XXI. No podemos seguir aplicando convenios del siglo XX\u201d.<\/p>\n<p>\u201cAl aferrarnos a esos convenios debilitamos los puestos de trabajo que tenemos. No s\u00f3lo no nos fortalecemos, sino que ponemos en peligro lo que tenemos\u201d, remarc\u00f3 el Presidente, quien busca aprobar antes de fin de a\u00f1o una reforma de la ley de ART que permita sumar m\u00e1s ex\u00e1menes y requisitos para que los trabajadores puedan realizar juicios por accidentes laborales.<\/p>\n<p>El Presidente tambi\u00e9n se ocup\u00f3 de fustigar la Ley de Emergencia Social que la oposici\u00f3n busca tratar en Diputados, luego de su aprobaci\u00f3n en el Senado. La compar\u00f3 con \u201cesas leyes que dicen que se termin\u00f3 la pobreza porque as\u00ed ser\u00eda muy f\u00e1cil y podr\u00edamos hacer lo mismo con el narcotr\u00e1fico, y con todo\u201d. Un argumento calcado al que utiliz\u00f3 cuando vet\u00f3 la ley antidespidos.<\/p>\n<p>Al terminar la charla, un periodista le pregunt\u00f3 por la cr\u00edtica que les hizo a los sindicatos. \u201cNo he hecho una fuerte cr\u00edtica. Los he invitado a un fuerte desaf\u00edo\u201d, contest\u00f3 Macri, quien en su discurso hab\u00eda cuestionado a quienes \u201cconducen gremios desde hace 20 o 30 a\u00f1os\u201d. El mandatario dej\u00f3 caer esta frase antes del encuentro que tendr\u00e1n ma\u00f1ana con sindicatos y empresarios en el Di\u00e1logo para la Producci\u00f3n.<\/p>\n<p>Ayer los popes de la CGT estuvieron reunidos con Triaca en una reuni\u00f3n preparatoria de ese encuentro, en el que piensan llevar un planteo sobre la p\u00e9rdida de puestos de trabajo, sobre los cambios al Impuesto a las Ganancias y sobre el cumplimiento del bono de fin de a\u00f1o, entre otros temas. Ning\u00fan dirigente de la CGT sali\u00f3 a responder a la frase de Macri.<\/p>\n<p><strong>Fuerte desaf\u00edo<\/strong><br \/>\nDesde una de las CTA, en tanto, Hugo Yasky consider\u00f3 que \u201cMacri deber\u00eda, en primer lugar, aclarar cu\u00e1l es el modelo de dirigente sindical que re\u00fane las condiciones para ser funcional a sus pol\u00edticas de gobierno\u201d. \u201cSe debe parecer m\u00e1s al Momo Venegas, que se ha puesto la camiseta de Cambiemos que a los que luchan para mantener los derechos a las paritarias libres y a la no criminalizaci\u00f3n de la protesta social\u201d, estim\u00f3.<\/p>\n<p>\u201cEste modelo no es ya retr\u00f3grado: es pre-sindical \u2013advirti\u00f3 Yasky\u2013. Pretende que el sindicalismo deje de lado la defensa de los derechos del trabajador y sea c\u00f3mplice de las pol\u00edticas del ajuste\u201d. \u201cSeguramente los convenios del siglo XXI son los que proponen los grupos empresarios cuando hablan de terminar con las paritarias, con los convenios colectivos de trabajo. Es decir que proponen la flexibilizaci\u00f3n laboral y la quita de derechos, que es el modelo que se trata de copiar del sudeste asi\u00e1tico\u201d, advirti\u00f3 el dirigente de la CTA.<\/p>\n<p>Por su parte, el jefe del bloque kirchnerista en la Legislatura, Carlos Tomada, advirti\u00f3: \u201cDesde el 24 de marzo de 1976, todos los gobiernos dijeron que hab\u00eda que revisar los convenios colectivos, salvo uno que dur\u00f3 12 a\u00f1os\u201d. Durante un acto de homenaje a Sa\u00fal Ubaldini en la Federaci\u00f3n Gr\u00e1fica Bonaerense, el ex ministro de Trabajo consider\u00f3 que \u201cquieren debilitar y eliminar al movimiento sindical argentino\u201d. \u201cLos principales escollos del modelo de Macri son el movimiento obrero y las instituciones laborales que defienden el bolsillo y el empleo de los trabajadores\u201d, advirti\u00f3. \u201cPor eso, a cada momento, fija postura que presuponen ofensivas sobre el modelo sindical, los convenios de actividad, la Justicia laboral y la pol\u00edtica de ingresos de los argentinos\u201d, analiz\u00f3. De paso, Tomada lo record\u00f3 a Ubaldini como el dirigente de la CGT que \u201cconfront\u00f3 contra gobiernos neoliberales, antidemocr\u00e1ticos y antipopulares\u201d.<\/p>\n<p>En tanto, la agrupaci\u00f3n La C\u00e1mpora emiti\u00f3 un comunicado en el que sostuvo que \u201cMacri odia a los trabajadores\u201d. \u201cPrimero empezaron con la grasa militante para justificar el despido de miles de compa\u00f1eros, luego dijeron que los sindicatos ten\u00edan que ver hasta donde se pod\u00eda discutir salarios sin arriesgar puestos de trabajo y ahora plantean desafiar la estabilidad y las normas b\u00e1sicas de cualquier rama del trabajo. El libreto de Macri se cumpli\u00f3 en menos de un a\u00f1o\u201d, consideraron.<\/p>\n<p>La agrupaci\u00f3n liderada por M\u00e1ximo Kirchner indic\u00f3 que \u201cMacri plantea hacer borr\u00f3n y cuenta nueva a los Convenios Colectivos de Trabajo, derechos obtenidos tras largas luchas pol\u00edticas y sociales y del trabajo en conjunto de gobiernos populares y los sindicatos. Va por todo\u201d. La C\u00e1mpora llam\u00f3 a \u201ctodos los sectores sociales, sindicales y pol\u00edticos\u201d a \u201cfrenar la intenci\u00f3n de Macri llevarse puesto las conquistas de millones de argentinos\u201d. \u201cEl desaf\u00edo del campo nacional, popular y democr\u00e1tico es frenar las embestidas de Cambiemos \u2013remarcaron\u2013 y trabajar en un programa de gobierno que devuelva a los argentinos el sue\u00f1o que otra realidad es posible.\u201d<\/p>\n<p><strong>Contra los\u00a0despidos<\/strong><br \/>\n\u201cVamos a reiterarle al Ejecutivo y m\u00e1s que nada al mundo empresario que hay que aguantar a la gente para que llegue sin el telegrama ni de despido ni de suspensi\u00f3n en el mes de diciembre. Solamente la familia que recibi\u00f3 un telegrama sabe la conmoci\u00f3n que provoca en los hogares. Vamos a pedir un compromiso en ese sentido, apuntando a la responsabilidad social de los sectores empresarios\u201d, se\u00f1al\u00f3 ayer uno de los tres secretarios generales de la CGT, Juan Carlos Schmid, anticipando parte de la reuni\u00f3n que mantendr\u00e1 ma\u00f1ana en la mesa de la producci\u00f3n y el trabajo. Sobre el Impuesto a las Ganancias dijo que no conoc\u00eda \u201cel proyecto que van a enviar. Hubo reuniones con los gobernadores por este tema, pero av\u00edsenle al Gobierno que se tiene que reunir con los que ponemos la plata\u201d. \u201cLos pron\u00f3sticos lanzados por el Ejecutivo hasta ahora no se han cumplido o tardan en llegar. Esto preocupa y llena de incertidumbre a los trabajadores y tambi\u00e9n al mundo empresario. Aspiro a que r\u00e1pidamente se encuentren las palancas para la reactivaci\u00f3n de la econom\u00eda\u201d, concluy\u00f3 el miembro del triunvirato de la central .<\/p>\n<h6>Fuente: P\u00e1gina 12<\/h6>\n","protected":false},"excerpt":{"rendered":"<p>Luego del multitudinario acto de la CGT y los movimiento sociales, Mauricio Macri consider\u00f3 que los convenios debilitan los puestos de trabajo. Pidi\u00f3 la renovaci\u00f3n de la c\u00fapula de los sindicatos.<\/p>\n","protected":false},"author":2,"featured_media":56314,"comment_status":"closed","ping_status":"closed","sticky":false,"template":"","format":"standard","meta":{"footnotes":""},"categories":[8],"tags":[21],"class_list":["post-56313","post","type-post","status-publish","format-standard","has-post-thumbnail","hentry","category-informe-nacional","tag-argentina"],"_links":{"self":[{"href":"http:\/\/argentinamunicipal.com.ar\/argentina\/wp-json\/wp\/v2\/posts\/56313","targetHints":{"allow":["GET"]}}],"collection":[{"href":"http:\/\/argentinamunicipal.com.ar\/argentina\/wp-json\/wp\/v2\/posts"}],"about":[{"href":"http:\/\/argentinamunicipal.com.ar\/argentina\/wp-json\/wp\/v2\/types\/post"}],"author":[{"embeddable":true,"href":"http:\/\/argentinamunicipal.com.ar\/argentina\/wp-json\/wp\/v2\/users\/2"}],"replies":[{"embeddable":true,"href":"http:\/\/argentinamunicipal.com.ar\/argentina\/wp-json\/wp\/v2\/comments?post=56313"}],"version-history":[{"count":0,"href":"http:\/\/argentinamunicipal.com.ar\/argentina\/wp-json\/wp\/v2\/posts\/56313\/revisions"}],"wp:featuredmedia":[{"embeddable":true,"href":"http:\/\/argentinamunicipal.com.ar\/argentina\/wp-json\/wp\/v2\/media\/56314"}],"wp:attachment":[{"href":"http:\/\/argentinamunicipal.com.ar\/argentina\/wp-json\/wp\/v2\/media?parent=56313"}],"wp:term":[{"taxonomy":"category","embeddable":true,"href":"http:\/\/argentinamunicipal.com.ar\/argentina\/wp-json\/wp\/v2\/categories?post=56313"},{"taxonomy":"post_tag","embeddable":true,"href":"http:\/\/argentinamunicipal.com.ar\/argentina\/wp-json\/wp\/v2\/tags?post=56313"}],"curies":[{"name":"wp","href":"https:\/\/api.w.org\/{rel}","templated":true}]}}