{"id":56362,"date":"2016-11-23T07:01:32","date_gmt":"2016-11-23T10:01:32","guid":{"rendered":"http:\/\/argentinamunicipal.com.ar\/argentina\/?p=56362"},"modified":"2016-11-23T07:01:32","modified_gmt":"2016-11-23T10:01:32","slug":"mas-135-ciudades-latinoamericanas-participaran-la-cumbre-mercociudades-santa-fe","status":"publish","type":"post","link":"http:\/\/argentinamunicipal.com.ar\/argentina\/mas-135-ciudades-latinoamericanas-participaran-la-cumbre-mercociudades-santa-fe\/","title":{"rendered":"M\u00e1s de 135 ciudades latinoamericanas participar\u00e1n de la Cumbre Mercociudades en Santa Fe"},"content":{"rendered":"<p>Ser\u00e1 este mi\u00e9rcoles por la ma\u00f1ana con charlas en torno a Desarrollo sustentable y Resiliencia que se concretar\u00e1n en la Estaci\u00f3n Belgrano<\/p>\n<p>\u00abConstrucci\u00f3n de Sociedades Resilientes en el marco de la Integraci\u00f3n Regional\u00bb es el lema de la XXI Cumbre de Mercociudades que comenzar\u00e1 a desarrollarse este mi\u00e9rcoles en la ciudad de Santa Fe. El encuentro, que se extender\u00e1 hasta el viernes, contar\u00e1 con la participaci\u00f3n de intendentes y funcionarios de m\u00e1s de 135 localidades de Latinoam\u00e9rica; de autoridades provinciales y nacionales; y de representantes de organismos internacionales.<\/p>\n<p>Con sede en el Centro de Convenciones Estaci\u00f3n Belgrano, las primeras actividades ser\u00e1n dos paneles que contar\u00e1n con las disertaciones de referentes internacionales especializados en las materias. El primero lleva por t\u00edtulo \u00abDesarrollo Sostenible. Experiencias a partir de la cooperaci\u00f3n internacional con el Fondo Franc\u00e9s Mundial para el Medio Ambiente\u00bb; en tanto que el segundo se denomina \u00abEl Enfoque de Resiliencia de Ciudades. La experiencia del Programa 100RC\u00bb.<\/p>\n<p>Por la tarde, en el Teatro Municipal se concretar\u00e1n las actividades correspondientes a la apertura oficial de la Cumbre que ser\u00e1n encabezadas por el intendente Jos\u00e9 Corral y contar\u00e1n con la participaci\u00f3n del gobernador Miguel Lifschitz; el jefe de Gobierno de la ciudad de Buenos Aires, Horacio Rodr\u00edguez Larreta; y autoridades de organismos internacionales.<\/p>\n<p>Finalmente, por la noche, se realizar\u00e1 la intervenci\u00f3n lum\u00ednica \u00abTexturas de luz\u00bb sobre la fachada del Teatro Municipal \u00ab1\u00b0 de Mayo\u00bb (San Mart\u00edn 2020); y, en la Plazoleta Fragata Sarmiento, se concretar\u00e1 el espect\u00e1culo \u00abPaisajes sonoros\u00bb, con la participaci\u00f3n de Emparche Ensamble de Percusi\u00f3n junto a Fanfarria Ambulante, Maca Revolt, Gogo y Lucila Castillo, Gabriel de Pedro Quinteto y Sergio Torres. La propuesta podr\u00e1 disfrutarse de forma libre y gratuita.<\/p>\n<p><strong>Desarrollo sostenible y resiliencia<\/strong><\/p>\n<p>Tras las acreditaciones, y en paralelo a la reuni\u00f3n Direcci\u00f3n Ejecutiva de Mercociudades, el primero de los paneles previsto es \u00abDesarrollo Sostenible. Experiencias a partir de la cooperaci\u00f3n internacional con el Fondo Franc\u00e9s Mundial para el Medio Ambiente\u00bb. Contar\u00e1 con las disertaciones de Fran\u00e7ois-Xavier Duporge, secretario General del Fondo Franc\u00e9s para el Medio Ambiente; Marco V. Cerezo Blandon, director General FUNDAECO; Alejandro Diego Brown, director Fundaci\u00f3n ProYungas; y Pablo Tabares, director del Proyecto Reserva Urbana del Oeste. Santa Fe.<\/p>\n<p>Luego se concretar\u00e1 \u00abEl Enfoque de Resiliencia de Ciudades. La experiencia del Programa 100RC\u00bb un espacio que contar\u00e1 con la participaci\u00f3n de Eugene Zapata, director Regional para America Latina y el Caribe del Programa 100 CR; Andrea Valsagna, directora de Resiliencia (CRO) de Santa Fe y secretaria de Comunicaci\u00f3n y Desarrollo Estrat\u00e9gico; y Patrik Fontes, vicedirector de Resiliencia (Deputy CRO) de Porto Alegre.<\/p>\n<p><strong>Apertura oficial<\/strong><\/p>\n<p>Por la tarde, la programaci\u00f3n se desarrollar\u00e1 en el Teatro Municipal \u00ab1\u00ba de Mayo\u00bb. A las 18, en la sala Mayor se llevar\u00e1 a cabo el acto de apertura oficial de la XXI Cumbre. Ser\u00e1 encabezado por el intendente Jos\u00e9 Corral; el gobernador Miguel Lifschitz; el jefe de Gobierno de la Ciudad de Buenos Aires, Horacio Rodr\u00edguez Larreta; y el secretario del Consejo Federal de Inversiones, Juan Jos\u00e9 Ci\u00e1cera.<\/p>\n<p>Luego, a las 19 y en la misma sala, se concretar\u00e1n tres paneles: \u00abResiliencia Urbana y Desarrollo Sostenible\u00bb a cargo de Jorge Melguizo, consultor internacional en gesti\u00f3n p\u00fablica, proyectos urbanos integrales, cultura y participaci\u00f3n social; \u00abFinanciaci\u00f3n de la nueva Agenda Urbana\u00bb, a cargo de Elkin Vel\u00e1squez de la Oficina Regional de Latinoam\u00e9rica y el Caribe ONU-HABITAT; y \u00abLa agenda para el desarrollo sostenible y la reducci\u00f3n del riesgo de desastres\u00bb, a cargo de Ricardo Mena, jefe de la Oficina Regional para las Am\u00e9ricas de la Oficina de la ONU para la Reducci\u00f3n del Riesgo de Desastres.<\/p>\n<p><strong>Luces, texturas y m\u00fasica<\/strong><\/p>\n<p>Una vez que culmine la apertura oficial, aproximadamente a las 20, la Fanfarria Ambulante invitar\u00e1 al p\u00fablico a trasladarse desde la sala Mayor, primero, a la explanada del coliseo ubicado en San Mart\u00edn 2020 y, luego, a la Plazoleta Fragata Sarmiento. Guiar\u00e1 a los presentes con con \u00abm\u00fasica para jugar\u00bb, como definen a su fusi\u00f3n de melod\u00edas balc\u00e1nicas, klezmer y m\u00fasica de orquesta. En ese momento, la fachada del Teatro Municipal lucir\u00e1 renovada con la intervenci\u00f3n lum\u00ednica \u00abTexturas de Luz\u00bb, a cargo del Estudio Creativo Grupo Manso, que vestir\u00e1 de luces y color cada detalle del edificio, con m\u00e1s de 50 mil l\u00famenes y t\u00e9cnicas de video-mapping.<\/p>\n<p>En frente, sobre el escenario que estar\u00e1 ubicado en Juan de Garay y San Mart\u00edn, sonar\u00e1n los tambores de Emparche Ensamble de Percusi\u00f3n para recrear \u00abPaisajes sonoros\u00bb, junto a exponentes de la m\u00fasica santafesina. Los artistas propondr\u00e1n un di\u00e1logo con diversos g\u00e9neros a partir de ritmos latinoamericanos, trazando una cartograf\u00eda sonora que referencia a Santa Fe como Ciudad de la M\u00fasica. Luego de la Fanfarria Ambulante, el repertorio continuar\u00e1 con la fusi\u00f3n de parches y bronces, de la mano de representantes de Santa Fe Capital del Tromb\u00f3n. Los ritmos urbanos tambi\u00e9n ser\u00e1n parte de este mapa musical con Maca Revolt (hip hop), Gogo (beat box) y Lucila Castillo (break dance); seguidos por Gabriel de Pedro Quinteto, y un segmento de coplas norte\u00f1as y ritmos creados por Emparche. La cumbia santafesina ser\u00e1 el broche de oro para este recorrido, con Sergio Torres que tambi\u00e9n actuar\u00e1 junto a Emparche.<\/p>\n<p><strong>Conferencia de prensa<\/strong><\/p>\n<p>Cabe se\u00f1alar que este mi\u00e9rcoles, a las 17, la sala Franze del Museo del Teatro Municipal ser\u00e1 marco para el desarrollo de una conferencia de prensa en la que se presentar\u00e1 la XXI Cumbre de Mercociudades. Contar\u00e1 con la participaci\u00f3n de \u00a0Jos\u00e9 Corral; Horacio Rodr\u00edguez Larreta, Elkin Vel\u00e1squez, Ricardo Mena y Vicentre Trevas, secretario municipal de Relaciones internacionales y Federativas -SMRIF- de la ciudad de San Pablo, Brasil.<\/p>\n<h6>Fuente: Sin Mordaza<\/h6>\n","protected":false},"excerpt":{"rendered":"<p>Ser\u00e1 este mi\u00e9rcoles por la ma\u00f1ana con charlas en torno a Desarrollo sustentable y Resiliencia que se concretar\u00e1n en la Estaci\u00f3n Belgrano<\/p>\n","protected":false},"author":2,"featured_media":56363,"comment_status":"closed","ping_status":"closed","sticky":false,"template":"","format":"standard","meta":{"footnotes":""},"categories":[2],"tags":[10],"class_list":["post-56362","post","type-post","status-publish","format-standard","has-post-thumbnail","hentry","category-informe-municipal","tag-santa-fe"],"_links":{"self":[{"href":"http:\/\/argentinamunicipal.com.ar\/argentina\/wp-json\/wp\/v2\/posts\/56362","targetHints":{"allow":["GET"]}}],"collection":[{"href":"http:\/\/argentinamunicipal.com.ar\/argentina\/wp-json\/wp\/v2\/posts"}],"about":[{"href":"http:\/\/argentinamunicipal.com.ar\/argentina\/wp-json\/wp\/v2\/types\/post"}],"author":[{"embeddable":true,"href":"http:\/\/argentinamunicipal.com.ar\/argentina\/wp-json\/wp\/v2\/users\/2"}],"replies":[{"embeddable":true,"href":"http:\/\/argentinamunicipal.com.ar\/argentina\/wp-json\/wp\/v2\/comments?post=56362"}],"version-history":[{"count":0,"href":"http:\/\/argentinamunicipal.com.ar\/argentina\/wp-json\/wp\/v2\/posts\/56362\/revisions"}],"wp:featuredmedia":[{"embeddable":true,"href":"http:\/\/argentinamunicipal.com.ar\/argentina\/wp-json\/wp\/v2\/media\/56363"}],"wp:attachment":[{"href":"http:\/\/argentinamunicipal.com.ar\/argentina\/wp-json\/wp\/v2\/media?parent=56362"}],"wp:term":[{"taxonomy":"category","embeddable":true,"href":"http:\/\/argentinamunicipal.com.ar\/argentina\/wp-json\/wp\/v2\/categories?post=56362"},{"taxonomy":"post_tag","embeddable":true,"href":"http:\/\/argentinamunicipal.com.ar\/argentina\/wp-json\/wp\/v2\/tags?post=56362"}],"curies":[{"name":"wp","href":"https:\/\/api.w.org\/{rel}","templated":true}]}}