{"id":56371,"date":"2016-11-23T07:21:28","date_gmt":"2016-11-23T10:21:28","guid":{"rendered":"http:\/\/argentinamunicipal.com.ar\/argentina\/?p=56371"},"modified":"2016-11-23T07:21:28","modified_gmt":"2016-11-23T10:21:28","slug":"hay-que-decidir-en-que-vamos-a-recortar","status":"publish","type":"post","link":"http:\/\/argentinamunicipal.com.ar\/argentina\/hay-que-decidir-en-que-vamos-a-recortar\/","title":{"rendered":"\u201cHay que decidir en qu\u00e9 vamos a recortar\u201d"},"content":{"rendered":"<p>El Presidente plante\u00f3 en la conferencia industrial que \u201cla discusi\u00f3n que comienza en 2017\u201d es qu\u00e9 gastos bajar para recuperar el equilibrio fiscal. Tambi\u00e9n volvi\u00f3 a la carga contra los convenios laborales.<\/p>\n<p>\u201cHay que decidir en qu\u00e9 vamos a recortar. Esa es la discusi\u00f3n que comienza en 2017. Porque necesitamos fortaleza interior y la \u00fanica manera es estar equilibrados y corregir el tremendo desequilibrio del punto de partida\u201d, defini\u00f3 ayer el presidente Mauricio Macri de cara al a\u00f1o que viene. Fue en el cierre de la conferencia anual de la Uni\u00f3n Industrial Argentina. Para el deleite empresarial, les dedic\u00f3 a los sindicalistas que \u201cno podemos salir al mundo y enfrentar la tremenda renovaci\u00f3n tecnol\u00f3gica con convenios laborales del siglo veinte. Tenemos que sentarnos en la mesa a discutir todos los convenios laborales\u201d. \u201cTodo esto se basa en que creamos en nosotros mismos\u201d, cerr\u00f3 con el cl\u00e1sico libreto del PRO.<\/p>\n<p>\u201cHace un a\u00f1o los argentinos eleg\u00edamos un cambio de valores, un cambio cultural, un cambio que comenz\u00f3 y que llevar\u00e1 a\u00f1os. Un cambio que inspir\u00f3 a muchos argentinos a volver a creer, que es lo que les ped\u00ed hace un a\u00f1o ac\u00e1. Sigo creyendo en la capacidad de ustedes y necesito que ustedes crean que son capaces, que los desaf\u00edos que nos presenta el mundo son posibles\u201d, comenz\u00f3 el Presidente. El speach para mejorar las expectativas empresariales choca por ahora con la ca\u00edda del consumo, de la actividad industrial y del empleo, que afecta en primer lugar a las pymes.<\/p>\n<p>Ante los malos resultados del primer a\u00f1o, el Gobierno concentr\u00f3 en estos d\u00edas su estrategia discursiva en dramatizar la herencia. \u201cLes dije que el punto de partida era dif\u00edcil pero me qued\u00e9 corto. Nos encontramos con un pa\u00eds quebrado, no s\u00f3lo en default sino sin energ\u00eda, con un d\u00e9ficit fiscal enorme, una presi\u00f3n tributaria de las m\u00e1s altas de la regi\u00f3n y deudas por todos lados. Frente a eso tuvimos un gran primer \u00e9xito. Evitamos la quinta crisis terminal en menos de 50 a\u00f1os\u201d, indic\u00f3.<\/p>\n<p>\u201cLe\u00ed hace muchos a\u00f1os que la fortaleza de las personas radica en cu\u00e1n capaces son de soportar la verdad. Nosotros terminamos con el apag\u00f3n estad\u00edstico del Indec y surgi\u00f3 la realidad: mas del 32 por ciento de los argentinos est\u00e1n en la pobreza\u201d, plante\u00f3 Macri, sin hacer referencia a la devaluaci\u00f3n, los tarifazos y los despidos. En ese plan de \u201csoportar la verdad\u201d, Macri apel\u00f3 de lleno a la l\u00f3gica neoliberal del ajuste para solucionar los desequilibrios fiscales y anticip\u00f3 que \u201cla discusi\u00f3n el a\u00f1o que viene pasa por d\u00f3nde recortar. Tenemos que estar equilibrados\u201d. Tambi\u00e9n repiti\u00f3 que el Gobierno quiere que se pongan en discusi\u00f3n \u201ctodos los convenios laborales, que datan del siglo veinte\u201d. \u201cNecesitamos estar todos convencidos de lo que estamos haciendo. En este mundo el que no avanza desaparece y avanzar supone invertir en capacitaci\u00f3n y tecnolog\u00eda\u201d, pidi\u00f3 otra vez al empresariado.<\/p>\n<p>El anfitri\u00f3n de Macri en el cierre del evento fue el presidente de la UIA, Adri\u00e1n Kaufmann, hombre de Arcor. Si bien destac\u00f3 la sanci\u00f3n de \u201cla ley pyme, el desarollo de proveedores locales en el sector automotor y autopartista, entre otras\u201d admiti\u00f3 que \u201ctenemos una situaci\u00f3n muy dif\u00edcil en el sector industrial, venimos de cinco a\u00f1os de estancamiento del nivel de actividad, no creaci\u00f3n de empleo y p\u00e9rdida hist\u00f3rica de exportaciones industriales. Este a\u00f1o la tendencia contin\u00faa, producto de la ca\u00edda del mercado interno y el alto costo del financiamiento\u201d. Advirti\u00f3 adem\u00e1s que \u201cla aplicaci\u00f3n ciega de un modelo de pa\u00eds a otro puede producir resultados diametralmente opuestos\u201d, en referencia impl\u00edcita al proyecto industrial del Gobierno de replicar el desarrollo industrial australiano.<\/p>\n<p>Kaufmann dijo que las importaciones desde China ponen en juego miles de puestos de trabajo, plante\u00f3 que \u201cno hay sectores industriales estrella y otros inviables. Cada uno presenta desaf\u00edos y oportunidades\u201d y alert\u00f3 sobre las \u201caltas tasas de inter\u00e9s, los elevados costos log\u00edsticos y la hist\u00f3rica presi\u00f3n impositiva\u201d. Tambi\u00e9n mencion\u00f3 a Jorge Blanco Villegas, t\u00edo de Macri, quien fue presidente de la UIA a comienzos de los 90: \u201cNo podemos aceptar ver a la gente s\u00f3lo como consumidora, para que haya consumo debe haber salarios. En un mundo de cambios ning\u00fan pa\u00eds regala alegremente su mercado\u201d, cit\u00f3 Kaufmann.<\/p>\n<p>\u201cEste a\u00f1o fue duro, para la industria y para muchos argentinos. Por eso llevamos la ayuda social a los niveles m\u00e1s altos de nuestra historia. Queremos que todos podamos cruzar ese puente entre la Argentina de hoy y la que podamos hacer. Lo bueno es que en 2017 vamos a crecer, hemos sentando las bases. El desaf\u00edo es crecer 10, 20, 30 a\u00f1os en forma consecutiva, constante, parejo. Eso nos va a llevar al desarrollo. Para eso tenemos que encarar los desaf\u00edos estructurales, poni\u00e9ndolos sobre la mesa, diciendo la verdad\u201d, cerr\u00f3 Macri. Todos los cambios estructurales propuestos, por ahora, afectan al mundo del trabajo.<\/p>\n<h6>Fuente: P\u00e1gina 12<\/h6>\n","protected":false},"excerpt":{"rendered":"<p>El Presidente plante\u00f3 en la conferencia industrial que \u201cla discusi\u00f3n que comienza en 2017\u201d es qu\u00e9 gastos bajar para recuperar el equilibrio fiscal. Tambi\u00e9n volvi\u00f3 a la carga contra los convenios laborales.<\/p>\n","protected":false},"author":2,"featured_media":56372,"comment_status":"closed","ping_status":"closed","sticky":false,"template":"","format":"standard","meta":{"footnotes":""},"categories":[8],"tags":[21],"class_list":["post-56371","post","type-post","status-publish","format-standard","has-post-thumbnail","hentry","category-informe-nacional","tag-argentina"],"_links":{"self":[{"href":"http:\/\/argentinamunicipal.com.ar\/argentina\/wp-json\/wp\/v2\/posts\/56371","targetHints":{"allow":["GET"]}}],"collection":[{"href":"http:\/\/argentinamunicipal.com.ar\/argentina\/wp-json\/wp\/v2\/posts"}],"about":[{"href":"http:\/\/argentinamunicipal.com.ar\/argentina\/wp-json\/wp\/v2\/types\/post"}],"author":[{"embeddable":true,"href":"http:\/\/argentinamunicipal.com.ar\/argentina\/wp-json\/wp\/v2\/users\/2"}],"replies":[{"embeddable":true,"href":"http:\/\/argentinamunicipal.com.ar\/argentina\/wp-json\/wp\/v2\/comments?post=56371"}],"version-history":[{"count":0,"href":"http:\/\/argentinamunicipal.com.ar\/argentina\/wp-json\/wp\/v2\/posts\/56371\/revisions"}],"wp:featuredmedia":[{"embeddable":true,"href":"http:\/\/argentinamunicipal.com.ar\/argentina\/wp-json\/wp\/v2\/media\/56372"}],"wp:attachment":[{"href":"http:\/\/argentinamunicipal.com.ar\/argentina\/wp-json\/wp\/v2\/media?parent=56371"}],"wp:term":[{"taxonomy":"category","embeddable":true,"href":"http:\/\/argentinamunicipal.com.ar\/argentina\/wp-json\/wp\/v2\/categories?post=56371"},{"taxonomy":"post_tag","embeddable":true,"href":"http:\/\/argentinamunicipal.com.ar\/argentina\/wp-json\/wp\/v2\/tags?post=56371"}],"curies":[{"name":"wp","href":"https:\/\/api.w.org\/{rel}","templated":true}]}}