{"id":56374,"date":"2016-11-23T07:25:15","date_gmt":"2016-11-23T10:25:15","guid":{"rendered":"http:\/\/argentinamunicipal.com.ar\/argentina\/?p=56374"},"modified":"2016-11-23T07:25:15","modified_gmt":"2016-11-23T10:25:15","slug":"tienen-las-peores-practicas-flexibilizadoras","status":"publish","type":"post","link":"http:\/\/argentinamunicipal.com.ar\/argentina\/tienen-las-peores-practicas-flexibilizadoras\/","title":{"rendered":"\u201cTienen las peores pr\u00e1cticas flexibilizadoras\u201d"},"content":{"rendered":"<p>H\u00e9ctor Daer y Carlos Acu\u00f1a de la CGT, Hugo Yasky de la CTA, y los diputados H\u00e9ctor Recalde y Facundo Moyano, rechazaron la idea del Presidente. Marcos Pe\u00f1a y Jorge Triaca insistieron con el argumento de que los actules convenios \u201cdebilitan\u201d el trabajo.<\/p>\n<p>La pretensi\u00f3n de Mauricio Macri de rediscutir \u201ctodos los convenios laborales\u201d gener\u00f3 en un amplio rechazo en la dirigencia gremial. Mientras el jefe de gabinete Marcos Pe\u00f1a busc\u00f3 explicar que el objetivo es \u201cla defensa de los derechos de los trabajadores\u201d, los l\u00edderes de la CGT y la CTA criticaron la iniciativa. El macrismo hace \u201cgala de las peores pr\u00e1cticas flexibilizadoras\u201d, se\u00f1al\u00f3 el massista H\u00e9ctor Daer, uno de los tres secretarios de la CGT, y anticip\u00f3 \u201cun enfrentamiento muy grande con la sociedad, no s\u00f3lo con los trabajadores\u201d. Carlos Acu\u00f1a, del mismo triunvirato, se\u00f1al\u00f3 que rediscutir convenios implica \u201cavasallar derechos de los trabajadores\u201d y que \u201cpretender la renovaci\u00f3n de los sindicatos es el sue\u00f1o de los patrones\u201d. Hugo Yasky, de la CTA de los Argentinos, record\u00f3 que las reformas laborales fueron una constante de todos \u201clos gobiernos de derecha\u201d y adelant\u00f3 que el macrismo se llevar\u00e1 \u201cpor delante una pared de hormig\u00f3n\u201d. El diputado H\u00e9ctor Recalde, en tanto, desminti\u00f3 que los convenios sean \u201cdel siglo XX\u201d y record\u00f3 que muchos \u201ccomenzaron a firmarse\u201d cuando lleg\u00f3 N\u00e9stor Kirchner a la presidencia. \u201cNo hay mejor instrumento que el convenio colectivo de trabajo y lo quieren desarmar. Vamos a volver al infierno\u201d, alert\u00f3 el abogado laboralista y jefe del bloque del FpV.<\/p>\n<p>\u201cAl aferrarnos a esos convenios debilitamos los puestos de trabajo que tenemos\u201d, dijo Macri el lunes en un acto. \u201cHay convenciones firmadas 40 a\u00f1os atr\u00e1s. Reflejan otros procesos, no los actuales. Hay actividades, categor\u00edas, que son vetustas\u201d, lo respald\u00f3 ayer el ministro de Trabajo, Jorge Triaca, y asegur\u00f3 que la propuesta \u201cno va en detrimento de los derechos de los trabajadores\u201d. \u201cLos cambios tecnol\u00f3gicos plantean desaf\u00edos y el Presidente ha planteado un debate respecto a c\u00f3mo mirar la agenda laboral frente a esta situaci\u00f3n, sin ning\u00fan fantasma ni estigmatizaci\u00f3n\u201d, dijo Pe\u00f1a. El objetivo es \u201cla defensa de los derechos de los trabajadores y los puestos de trabajo\u201d.<\/p>\n<p>A Macri \u201cse le quemaron los papeles\u201d, advirti\u00f3 Daer. \u201cSue\u00f1a con alg\u00fan dirigente moderno que comprenda que un trabajador tiene que tener menos derechos porque hay que competir con la industria china\u201d, alert\u00f3. Si no fuera su sue\u00f1o \u201cno tendr\u00eda que haber dicho esto en momentos donde estamos sentados a un mesa tratando de encontrar un rumbo que parece que el gobierno no lo encuentra\u201d, remarc\u00f3. \u201cRediscutir los convenios para adaptarlos al siglo XXI es avasallar los derechos de los trabajadores\u201d, opin\u00f3 Acu\u00f1a. Su ca\u00edda \u201cdar\u00e1 lugar a la polifuncionalidad, ya que si los patrones se enojan con un trabajador lo podr\u00e1n derivar a realizar cualquier tipo de tarea\u201d. \u201cIntentar modificar las normas laborales previstas en los convenios es el sue\u00f1o de los patrones\u201d, record\u00f3. Consider\u00f3 que las frases de Macri son en respuesta \u201ca la masiva movilizaci\u00f3n\u201d de la central y organizaciones sociales para reclamar la Ley de Emergencia Social. \u201cEn 33 a\u00f1os de democracia los distintos gobernantes demostraron incapacidad para gobernar m\u00e1s all\u00e1 de sus m\u00e9ritos profesionales y cuando les va mal les echan la culpa a los sindicatos y a los trabajadores\u201d, dispar\u00f3.<\/p>\n<p>Yasky advirti\u00f3 que el gobierno se topar\u00e1 con \u201cuna pared de hormig\u00f3n\u201d. \u201cLa reforma laboral es lo mismo que hicieron en la d\u00e9cada del 90, lo mismo que hicieron siempre que gobiernos de derecha tuvieron la manija\u201d, dijo el titular de la CTA. \u201cQuieren apretar al trabajar para exprimirlo y sacarle hasta el \u00faltimo jugo, sin tener que pagar por los derechos que hemos conquistado\u201d, opin\u00f3. \u201cMacri se equivoca cuando dice que los convenios colectivos son del siglo XX porque lo que pas\u00f3 fue que el menemismo y la Alianza suspendieron los convenios. Lleg\u00f3 N\u00e9stor Kirchner y comenzaron a firmarse, y producto de eso en 2015 se celebraron 2 mil convenios\u201d, explic\u00f3 Recalde. \u201cLo que busca el Gobierno es flexibilizar. Macri es Menem\u201d, resumi\u00f3.<\/p>\n<p>\u201cNo me sorprenden las palabras de Macri porque hay una concepci\u00f3n de que la flexibilizaci\u00f3n laboral es el camino\u201d, opin\u00f3 Facundo Moyano. Macri \u201cno se debe meter en los convenios colectivos porque el convenio se realiza entre partes y el tema de la renovaci\u00f3n (sindical) creo que se tiene que dar pero la deben decidir los trabajadores. \u00bfQui\u00e9n la va a decidir, Elisa Carri\u00f3 y Patricia Bullrich?\u201d, finaliz\u00f3 el diputado del Frente Renovador.<\/p>\n<h6>Fuente: P\u00e1gina 12<\/h6>\n","protected":false},"excerpt":{"rendered":"<p>H\u00e9ctor Daer y Carlos Acu\u00f1a de la CGT, Hugo Yasky de la CTA, y los diputados H\u00e9ctor Recalde y Facundo Moyano, rechazaron la idea del Presidente. Marcos Pe\u00f1a y Jorge Triaca insistieron con el argumento de que los actules convenios \u201cdebilitan\u201d el trabajo.<\/p>\n","protected":false},"author":2,"featured_media":56375,"comment_status":"closed","ping_status":"closed","sticky":false,"template":"","format":"standard","meta":{"footnotes":""},"categories":[8],"tags":[21],"class_list":["post-56374","post","type-post","status-publish","format-standard","has-post-thumbnail","hentry","category-informe-nacional","tag-argentina"],"_links":{"self":[{"href":"http:\/\/argentinamunicipal.com.ar\/argentina\/wp-json\/wp\/v2\/posts\/56374","targetHints":{"allow":["GET"]}}],"collection":[{"href":"http:\/\/argentinamunicipal.com.ar\/argentina\/wp-json\/wp\/v2\/posts"}],"about":[{"href":"http:\/\/argentinamunicipal.com.ar\/argentina\/wp-json\/wp\/v2\/types\/post"}],"author":[{"embeddable":true,"href":"http:\/\/argentinamunicipal.com.ar\/argentina\/wp-json\/wp\/v2\/users\/2"}],"replies":[{"embeddable":true,"href":"http:\/\/argentinamunicipal.com.ar\/argentina\/wp-json\/wp\/v2\/comments?post=56374"}],"version-history":[{"count":0,"href":"http:\/\/argentinamunicipal.com.ar\/argentina\/wp-json\/wp\/v2\/posts\/56374\/revisions"}],"wp:featuredmedia":[{"embeddable":true,"href":"http:\/\/argentinamunicipal.com.ar\/argentina\/wp-json\/wp\/v2\/media\/56375"}],"wp:attachment":[{"href":"http:\/\/argentinamunicipal.com.ar\/argentina\/wp-json\/wp\/v2\/media?parent=56374"}],"wp:term":[{"taxonomy":"category","embeddable":true,"href":"http:\/\/argentinamunicipal.com.ar\/argentina\/wp-json\/wp\/v2\/categories?post=56374"},{"taxonomy":"post_tag","embeddable":true,"href":"http:\/\/argentinamunicipal.com.ar\/argentina\/wp-json\/wp\/v2\/tags?post=56374"}],"curies":[{"name":"wp","href":"https:\/\/api.w.org\/{rel}","templated":true}]}}