{"id":56454,"date":"2016-11-24T07:18:37","date_gmt":"2016-11-24T10:18:37","guid":{"rendered":"http:\/\/argentinamunicipal.com.ar\/argentina\/?p=56454"},"modified":"2016-11-24T07:18:37","modified_gmt":"2016-11-24T10:18:37","slug":"mercociudades-arranco-la-cumbre-foco-puesto-la-integracion","status":"publish","type":"post","link":"http:\/\/argentinamunicipal.com.ar\/argentina\/mercociudades-arranco-la-cumbre-foco-puesto-la-integracion\/","title":{"rendered":"Mercociudades: arranc\u00f3 la cumbre con el foco puesto en la integraci\u00f3n"},"content":{"rendered":"<p>Inauguraci\u00f3n. El intendente abri\u00f3 el encuentro e invit\u00f3 a los funcionarios, expertos y organismos internacionales presentes, a debatir una nueva agenda urbana. Lifschitz habl\u00f3 de los desaf\u00edos citadinos<\/p>\n<p>Con el centenario edificio del Teatro Municipal como testigo de encuentros hist\u00f3ricos, el intendente Jos\u00e9 Corral acompa\u00f1ado por el gobernador Miguel Lifschitz, el jefe de Gobierno porte\u00f1o Horacio Rodr\u00edguez Larreta y el presidente del Consejo Federal de Inversiones (CFI), Juan Jos\u00e9 Ci\u00e1cera entre otros funcionarios, inaugur\u00f3 una nueva Cumbre de la Red Mercociudades.<\/p>\n<p>Bajo el lema \u00abConstrucci\u00f3n de sociedades resilientes en el marco de la integraci\u00f3n regional\u00bb, y ante m\u00e1s de un centenar de alcaldes, intendentes, prefeitos y representantes de delegaciones, el mandatario local inst\u00f3 a todos a hacer sentir la voz de los gobiernos locales y de dotarlos de las herramientas adecuadas para afrontar los retos del siglo XXI y redefinir los conceptos desde los cuales se han pensado las ciudades en las \u00faltimas d\u00e9cadas.<\/p>\n<p>Lifschitz asegur\u00f3: \u00abEs un orgullo para nuestra provincia ser anfitriones de este evento realmente importante, un encuentro de gobiernos locales de toda Am\u00e9rica del Sur\u00bb que no solo sirve para \u00abgenerar un encuentro e intercambio de experiencias sino para contribuir de manera protag\u00f3nica en el proceso de integraci\u00f3n regional\u00bb.<\/p>\n<p><strong>Contra la desigualdad<\/strong><\/p>\n<p>Jos\u00e9 Corral se refiri\u00f3 al proceso de urbanizaci\u00f3n acelerado que experimenta Am\u00e9rica latina y Argentina en particular, el cual es constantemente interpelado por nuevos desaf\u00edos, como la fuerte exclusi\u00f3n social, los fen\u00f3menos del cambio clim\u00e1tico, el terrorismo y el crimen organizado, las nuevas econom\u00edas, el desarrollo tecnol\u00f3gico de la sociedad de la informaci\u00f3n, las nuevas aglomeraciones conurbanas y la gobernabilidad.<\/p>\n<p>\u00abLas ciudades son y ser\u00e1n a\u00fan m\u00e1s en el futuro, los escenarios privilegiados para la vida de las personas. Y somos la zona del planeta m\u00e1s urbanizada y la m\u00e1s desigual. Por eso, revalorizamos el concepto de derecho a la ciudad, porque debemos gestionarlas desplegando las mejores condiciones de vida. La inclusi\u00f3n de toda la poblaci\u00f3n es uno de los principios claves\u00bb, se\u00f1al\u00f3 el intendente de la capital provincial y anfitri\u00f3n del evento.<\/p>\n<p>Asimismo, expres\u00f3 la necesidad de instalar la agenda mundial en las ciudades, pero tambi\u00e9n de instalar a las ciudades en la agenda mundial. Por eso, celebr\u00f3 el espacio de debate que genera la Cumbre, e hizo hincapi\u00e9 en aprovecharlo para intercambiar experiencias, porque: \u00abSabemos que los problemas m\u00e1s agudos afectan a todos, pero sufren m\u00e1s quienes menos tienen, quienes est\u00e1n m\u00e1s desamparados, y construir ciudades resilientes nos permite poner el foco en esa capacidad de las comunidades de enfrentar crisis, prepararse ante impactos pero tambi\u00e9n atender y superar las tensiones cr\u00f3nicas. Nos exige pensar la integraci\u00f3n regional y el desarrollo urbano desde el lente de la equidad y la sustentabilidad\u00bb.<\/p>\n<p><strong>Santa Fe resiliente<\/strong><\/p>\n<p>La ciudad de Santa Fe atraves\u00f3 hace pocos meses una de las inundaciones m\u00e1s grandes de su historia, con crecidas extraordinarias del r\u00edo Paran\u00e1 y del Salado, y al mismo tiempo lluvias y tormentas fuertes.<\/p>\n<p>El intendente comparti\u00f3 la experiencia y afirm\u00f3 que la ciudad super\u00f3 este desaf\u00edo: \u00abPorque nos venimos preparando hace varios a\u00f1os, bajo los lineamientos de la gesti\u00f3n integral del riesgo y en procura de construir ciudades resilientes. A pesar de haber sufrido uno de los eventos m\u00e1s grandes, nos hemos recuperado y podemos encarar encuentros de esta jerarqu\u00eda. Por eso mismo tambi\u00e9n encontrar\u00e1n gran parte de la ciudad en obras, porque estamos en plena etapa de reconstrucci\u00f3n.\u00bb<\/p>\n<p>Finalmente, Corral aprovech\u00f3 para darles a todos la bienvenida a Santa Fe e invitarlos a disfrutar de sus tradiciones. \u00abSomos una de las ciudades m\u00e1s antiguas del pa\u00eds, y como sede de grandes convenciones, esperamos que esta tambi\u00e9n sea la de grandes acuerdos que perduren y que hagan historia\u00bb, concluy\u00f3.<\/p>\n<p><strong>Los conflictos urbanos<\/strong><\/p>\n<p>Lifschitz indic\u00f3 que \u00abtienen cada vez m\u00e1s importancia en el mundo porque la urbanizaci\u00f3n es un proceso que no puede detenerse\u00bb y que \u00abhay una tendencia permanente de migraci\u00f3n del campo a la ciudad en todos los continentes\u00bb. Asegur\u00f3, a su vez, que las ciudades son el escenario donde todos sus habitantes se desarrollan pero tambi\u00e9n \u00abdonde se ponen en evidencia muchos de los nuevos desaf\u00edos y conflictos que tiene la humanidad: la exclusi\u00f3n social y urbana, la pobreza, la marginaci\u00f3n, los asentamientos irregulares, ciudades que crecen a dos velocidades: una que se desarrolla y otra que va quedando atr\u00e1s\u00bb, entre otros puntos.<\/p>\n<p>\u00abEsto exige de los gobiernos locales nuevas estrategias e improntas en la capacidad para afrontar estos problemas. Ya no se trata de administrar los servicios p\u00fablicos y hacer algunas obras sino de pensar la ciudad con proyectos de futuro, tener capacidad para resolver problemas, plantear hip\u00f3tesis de desarrollo. Las ciudades, igual que las personas, tienen caracter\u00edsticas que les son propias: hay ciudades resilientes como Santa Fe y otras que ante los golpes del destino retroceden. Cada ciudad tiene su personalidad y esto tiene que ver con la idiosincrasia, la cultura y la impronta que le d\u00e9 el gobierno local\u00bb, afirm\u00f3 Lifschitz.<\/p>\n<p>Por otra parte, el gobernador asegur\u00f3: \u00abNo se puede pensar la ciudad en el t\u00e9rmino de un gobierno sino que hay que pensar a largo plazo. La planificaci\u00f3n estrat\u00e9gica requiere hoy mayor dinamismo. Hoy necesitamos una planificaci\u00f3n din\u00e1mica, flexible y articuladora que se tiene que ir construyendo en el d\u00eda a d\u00eda pero sin perder los grandes lineamientos y los grandes objetivos\u00bb. Asimismo, asegur\u00f3: \u00abHoy la sociedad nos exige escucha, consulta y participaci\u00f3n. Tenemos una sociedad civil mucho m\u00e1s organizada pero m\u00e1s demandante que quiere participar y le exige m\u00e1s al Estado y a los gobiernos locales porque tienen m\u00e1s proximidad\u00bb.<\/p>\n<p>Por \u00faltimo, valor\u00f3 que \u00abuno de los grandes desaf\u00edos de los gobiernos municipales es c\u00f3mo canalizar constructivamente esa demanda de participaci\u00f3n de la sociedad, c\u00f3mo generar espacios donde los ciudadanos puedan sentirse escuchados\u00bb y, a la vez, indic\u00f3 que \u00abla tarea de un intendente es fortalecer la identidad y la autoestima de los ciudadanos, y lograr que se sientan orgullosos de su ciudad\u00bb.<\/p>\n<h6>Fuente: Uno Santa Fe<\/h6>\n","protected":false},"excerpt":{"rendered":"<p>Inauguraci\u00f3n. El intendente abri\u00f3 el encuentro e invit\u00f3 a los funcionarios, expertos y organismos internacionales presentes, a debatir una nueva agenda urbana. Lifschitz habl\u00f3 de los desaf\u00edos citadinos<\/p>\n","protected":false},"author":2,"featured_media":56455,"comment_status":"closed","ping_status":"closed","sticky":false,"template":"","format":"standard","meta":{"footnotes":""},"categories":[2],"tags":[10],"class_list":["post-56454","post","type-post","status-publish","format-standard","has-post-thumbnail","hentry","category-informe-municipal","tag-santa-fe"],"_links":{"self":[{"href":"http:\/\/argentinamunicipal.com.ar\/argentina\/wp-json\/wp\/v2\/posts\/56454","targetHints":{"allow":["GET"]}}],"collection":[{"href":"http:\/\/argentinamunicipal.com.ar\/argentina\/wp-json\/wp\/v2\/posts"}],"about":[{"href":"http:\/\/argentinamunicipal.com.ar\/argentina\/wp-json\/wp\/v2\/types\/post"}],"author":[{"embeddable":true,"href":"http:\/\/argentinamunicipal.com.ar\/argentina\/wp-json\/wp\/v2\/users\/2"}],"replies":[{"embeddable":true,"href":"http:\/\/argentinamunicipal.com.ar\/argentina\/wp-json\/wp\/v2\/comments?post=56454"}],"version-history":[{"count":0,"href":"http:\/\/argentinamunicipal.com.ar\/argentina\/wp-json\/wp\/v2\/posts\/56454\/revisions"}],"wp:featuredmedia":[{"embeddable":true,"href":"http:\/\/argentinamunicipal.com.ar\/argentina\/wp-json\/wp\/v2\/media\/56455"}],"wp:attachment":[{"href":"http:\/\/argentinamunicipal.com.ar\/argentina\/wp-json\/wp\/v2\/media?parent=56454"}],"wp:term":[{"taxonomy":"category","embeddable":true,"href":"http:\/\/argentinamunicipal.com.ar\/argentina\/wp-json\/wp\/v2\/categories?post=56454"},{"taxonomy":"post_tag","embeddable":true,"href":"http:\/\/argentinamunicipal.com.ar\/argentina\/wp-json\/wp\/v2\/tags?post=56454"}],"curies":[{"name":"wp","href":"https:\/\/api.w.org\/{rel}","templated":true}]}}