{"id":56463,"date":"2016-11-24T07:26:59","date_gmt":"2016-11-24T10:26:59","guid":{"rendered":"http:\/\/argentinamunicipal.com.ar\/argentina\/?p=56463"},"modified":"2016-11-24T07:26:59","modified_gmt":"2016-11-24T10:26:59","slug":"nuevo-reclamo-internacional-milagro-sala","status":"publish","type":"post","link":"http:\/\/argentinamunicipal.com.ar\/argentina\/nuevo-reclamo-internacional-milagro-sala\/","title":{"rendered":"Nuevo reclamo internacional por Milagro Sala"},"content":{"rendered":"<p>\u201cLa detenci\u00f3n de una l\u00edder ind\u00edgena no puede leerse al margen de su rol en la sociedad\u201d, dijo el relator del Comit\u00e9 de la ONU.<\/p>\n<p>Otro organismo de Naciones Unidas encargado de la protecci\u00f3n de los derechos humanos reclam\u00f3 al Gobierno la liberaci\u00f3n de la dirigente social Milagro Sala. Se trata del Comit\u00e9 contra la Discriminaci\u00f3n Racial de la ONU (CERD), cuyos integrantes se reunieron ayer en Ginebra con el secretario de Derechos Humanos, Claudio Avruj. \u201cLa decisi\u00f3n (del Grupo de Trabajo de Detenciones Arbitrarias) tiene que ser cumplida\u201d, le dijo al funcionario Pastor Murillo, el relator para la Argentina del Comit\u00e9.<\/p>\n<p>En la reuni\u00f3n de ayer en Ginebra, los expertos de la ONU, representantes de organizaciones no gubernamentales y el Estado argentino trataron la situaci\u00f3n de los derechos humanos de las personas migrantes y de los pueblos ind\u00edgenas. El encuentro hab\u00eda empezado el martes y aunque el tema no estaba formalmente en la agenda, ese d\u00eda el Comit\u00e9 pregunt\u00f3 por la dirigente de la Tupac Amaru y diputada del Parlasur. El gobierno dio su respuesta ayer. Avruj argument\u00f3 que invitaron al Grupo de Detenciones Arbitrarias a visitar el pa\u00eds, al igual que a la Comisi\u00f3n Interamericana de Derechos Humanos (CIDH), de la OEA, organismo al que enviaron una respuesta escrita. Adujo que la detenci\u00f3n de Sala no est\u00e1 vinculada con que sea dirigente de un grupo \u00e9tnico, sino que es \u201cpor delitos de corrupci\u00f3n y violencia\u201d. Y afirm\u00f3 que es un tema que se dirime en Jujuy. \u201cRespetamos la autonom\u00eda de la justicia provincial\u201d, se\u00f1al\u00f3. Agreg\u00f3 que de todas maneras el gobierno tom\u00f3 en cuenta lo que dijo el Grupo de Trabajo de Detenciones Arbitrarias y que estaban trabajando en eso.<\/p>\n<p>Murillo, del CERD, fue muy claro al contestar al funcionario: \u201cEntiendo la posici\u00f3n del Estado, pero cuando se presenta la detenci\u00f3n de una l\u00edder ind\u00edgena el asunto no puede leerse al margen de su rol en la sociedad. La detenci\u00f3n est\u00e1 asociada a un caso de corrupci\u00f3n, pero puede investigarse con ella en libertad. Hay un dictamen muy acertado del grupo de Trabajo. Esa decisi\u00f3n tiene que ser cumplida\u201d. Luego, alent\u00f3 al Estado para que adopte medidas para la liberaci\u00f3n de la dirigente social.<\/p>\n<p>\u201cSi las invitaciones son para facilitar el cumplimiento de la resoluci\u00f3n, bienvenidas sean. Si son para dilatar o desviar el tema est\u00e1 mal\u201d, se\u00f1al\u00f3 a P\u00e1ginaI12 Gast\u00f3n Chillier, director ejecutivo del CELS, como respuesta a la estrategia planteada por el Gobierno luego de que el Grupo de Trabajo de Detenci\u00f3n Arbitraria de Naciones Unidas reclamara la \u201cliberaci\u00f3n inmediata\u201d de Sala por considerar \u201carbitrario\u201d su arresto.<\/p>\n<p>En un principio, el Gobierno busc\u00f3 impugnar a ese organismo argumentando que se trataba de una \u201csimple opini\u00f3n\u201d y que los expertos no hab\u00edan evaluado todas las causas que exist\u00edan contra Sala, cosa que no era cierta. Algunos funcionarios con experiencia en el sistema internacional de derechos humanos, como el secretario de derechos humanos de la provincia de Buenos Aires, Santiago Cant\u00f3n, o el representante de derechos humanos de Canciller\u00eda, Leandro Despouy, \u00a0creen que el reclamo de la ONU debe ser atendido y en corto plazo. Sin embargo, no parecen estar ganando la pulseada interna. Avruj, el enviado del Gobierno a Ginebra, est\u00e1 m\u00e1s cerca de la posici\u00f3n del gobernador de Jujuy, Gerardo Morales, quien espera que los expertos de Naciones Unidas cambien su posici\u00f3n o, al menos, intenta postergar todo lo posible la respuesta. \u201cEs preocupante que la m\u00e1xima autoridad en derechos humanos responda que respeta la autonom\u00eda provincial ante una evaluaci\u00f3n de los derechos humanos de un organismo como el CERD\u201d, afirm\u00f3 Chillier. Es que el estado nacional es el responsable y garante del cumplimiento de las resoluciones de la ONU. Y, de hecho, es el gobierno de Mauricio Macri el que est\u00e1 pagando el costo pol\u00edtico por mantener presa a Sala. Al reclamo del Grupo de Trabajo de Detenci\u00f3n Arbitraria de ONU, la Comisi\u00f3n Interamericana de Derechos Humanos de la OEA y la menci\u00f3n del Primer Ministro de Canad\u00e1, Justin Trudeau se sum\u00f3 ahora el Comit\u00e9 contra la Discriminaci\u00f3n Racial, tambi\u00e9n de la ONU.<\/p>\n<p>\u201cEstoy ac\u00e1 como Abuela de Plaza de Mayo, en nombre de todas mis compa\u00f1eras, y voy a salir por el mundo a hablar de ella\u201d, manifest\u00f3 Estela de Carlotto en una conferencia de prensa tras el encuentro que mantuvo con la dirigente social juje\u00f1a Milagro Sala, detenida desde enero. Carlotto visit\u00f3 a Sala acompa\u00f1ada por Lita Boitano, presidenta de Familiares de Detenidos y Desaparecidos por Razones Pol\u00edticas, Carlos Pisoni y otros dirigentes de HIJOS y el titular de la CTA, Hugo Yasky. La presidenta de Abuelas expres\u00f3 haber sentido \u201cuna tristeza infinita\u201d al visitar a Milagro y a las otras cinco militantes de la Tupac Amaru detenidas en el penal de Alto Comedero. Remarc\u00f3 que se trata de mujeres \u201cfuertes, aguerridas\u201d y que \u201cson leonas que van a seguir luchando, como lo hemos hecho nosotras\u201d. Puntualmente sobre Sala, Carlotto dijo que \u201cest\u00e1 fuerte pero hay que sostenerla, la encontramos bien porque es una mujer muy fuerte, pero es un ser humano y la fortaleza a veces se quiebra\u201d. Tambi\u00e9n le apunt\u00f3 al gobierno al reclamarle que cumpla la resoluci\u00f3n del Grupo de Trabajo Sobre Detenciones Arbitrarias de Naciones Unidas y critic\u00f3: \u201cNos ofenden diciendo que los desaparecidos son menos, que somos un curro, que no se sabe en qu\u00e9 pared\u00f3n est\u00e1n\u201d.<\/p>\n<h6>Fuente: P\u00e1gina 12<\/h6>\n","protected":false},"excerpt":{"rendered":"<p>\u201cLa detenci\u00f3n de una l\u00edder ind\u00edgena no puede leerse al margen de su rol en la sociedad\u201d, dijo el relator del Comit\u00e9 de la ONU.<\/p>\n","protected":false},"author":2,"featured_media":56464,"comment_status":"closed","ping_status":"closed","sticky":false,"template":"","format":"standard","meta":{"footnotes":""},"categories":[8],"tags":[21],"class_list":["post-56463","post","type-post","status-publish","format-standard","has-post-thumbnail","hentry","category-informe-nacional","tag-argentina"],"_links":{"self":[{"href":"http:\/\/argentinamunicipal.com.ar\/argentina\/wp-json\/wp\/v2\/posts\/56463","targetHints":{"allow":["GET"]}}],"collection":[{"href":"http:\/\/argentinamunicipal.com.ar\/argentina\/wp-json\/wp\/v2\/posts"}],"about":[{"href":"http:\/\/argentinamunicipal.com.ar\/argentina\/wp-json\/wp\/v2\/types\/post"}],"author":[{"embeddable":true,"href":"http:\/\/argentinamunicipal.com.ar\/argentina\/wp-json\/wp\/v2\/users\/2"}],"replies":[{"embeddable":true,"href":"http:\/\/argentinamunicipal.com.ar\/argentina\/wp-json\/wp\/v2\/comments?post=56463"}],"version-history":[{"count":0,"href":"http:\/\/argentinamunicipal.com.ar\/argentina\/wp-json\/wp\/v2\/posts\/56463\/revisions"}],"wp:featuredmedia":[{"embeddable":true,"href":"http:\/\/argentinamunicipal.com.ar\/argentina\/wp-json\/wp\/v2\/media\/56464"}],"wp:attachment":[{"href":"http:\/\/argentinamunicipal.com.ar\/argentina\/wp-json\/wp\/v2\/media?parent=56463"}],"wp:term":[{"taxonomy":"category","embeddable":true,"href":"http:\/\/argentinamunicipal.com.ar\/argentina\/wp-json\/wp\/v2\/categories?post=56463"},{"taxonomy":"post_tag","embeddable":true,"href":"http:\/\/argentinamunicipal.com.ar\/argentina\/wp-json\/wp\/v2\/tags?post=56463"}],"curies":[{"name":"wp","href":"https:\/\/api.w.org\/{rel}","templated":true}]}}