{"id":56466,"date":"2016-11-24T07:29:29","date_gmt":"2016-11-24T10:29:29","guid":{"rendered":"http:\/\/argentinamunicipal.com.ar\/argentina\/?p=56466"},"modified":"2016-11-24T07:29:29","modified_gmt":"2016-11-24T10:29:29","slug":"30-mil-millones-pesos-aplacar-la-protesta-social","status":"publish","type":"post","link":"http:\/\/argentinamunicipal.com.ar\/argentina\/30-mil-millones-pesos-aplacar-la-protesta-social\/","title":{"rendered":"30 mil millones de pesos para aplacar la protesta social"},"content":{"rendered":"<p>Los representantes de los movimientos sociales lograron el compromiso del Ejecutivo y de los bloques parlamentarios para modificar por consenso el proyecto de ley de emergencia social. Suspendieron la marcha de ma\u00f1ana.<\/p>\n<p>Los representantes de la\u00a0Confederaci\u00f3n de Trabajadores de la Econom\u00eda Popular (CTEP), Barrios de Pie y la Corriente Clasista y Combativa cerraron un acuerdo con el gobierno nacional y los bloques parlamentarios para impulsar la aprobaci\u00f3n de un \u00abproyecto de consenso\u00bb de Emergencia Social, que tendr\u00e1 modificaciones respecto del que alcanz\u00f3 media sanci\u00f3n en la C\u00e1mara alta y era\u00a0rechazado por el oficialismo. \u00a0El pacto escrito \u00abautoriza al gobierno a reasignar partidas presupuestarias\u00bb para asignar hasta 30 mil millones de pesos hasta el fin del mandato de Mauricio Macri.<\/p>\n<p>El acuerdo se sell\u00f3 con un acta en la sede del Ministerio de Trabajo durante una reuni\u00f3n de la que particip\u00f3 el ministro Jorge Triaca, la titular de la cartera de Desarrollo Social, Carolina Stanley, y los representantes de los movimientos sociales; que fue ratificado en la misma tarde en una reuni\u00f3n de los militantes sociales con todos los presidentes de bloque de la C\u00e1mara baja.<\/p>\n<p>En ese reuni\u00f3n rel\u00e1mpago, se acord\u00f3 un \u00abproyecto de consenso\u00bb que\u00a0autoriza al Poder Ejecutivo reasignar partidas presupuestarias\u00a0por 25 mil millones de pesos durante el plazo de la emergencia social, que se extender\u00e1 por\u00a0tres a\u00f1os, y habilita al gobierno nacional a asignar una nueva partida de 5 mil millones extra, en caso de que hacia el final del segundo a\u00f1o el monto inicial haya sido ejecutado. De esta manera, con 30 mil millones de pesos, los movimientos sociales esperan cubrir parte de sus reclamos.<\/p>\n<p>Tras la reuni\u00f3n de los movimientos sociales con los bloques de Diputados,\u00a0Victoria Donda, de Libres del Sur, inform\u00f3 que a partir del acuerdo la intenci\u00f3n es que el proyecto \u00absea votado el 6 de diciembre para que vuelva a la C\u00e1mara de Senadores y que realmente sea ley\u00bb y as\u00ed evitar un veto del presidente Mauricio Macri. Sobre los cambios que se incorporar\u00e1n a lo aprobado en la C\u00e1mara alta, expres\u00f3 que no se modifica \u201cesencialmente nada\u201d.<\/p>\n<p>Por su parte,\u00a0\u00a0Rafael Klejzer, integrante de la CTEP por el Movimiento La Dignidad, se\u00f1al\u00f3 como \u00abpositivo\u00bb el acuerdo alcanzado ante la incertidumbre de que la oposici\u00f3n alcanzar\u00e1 los dos tercios necesarios para tratar el proyecto que ven\u00eda del Senado en una sesi\u00f3n especial y agreg\u00f3 que a\u00fan as\u00ed, el presidente Mauricio Macri hab\u00eda adelantado su desacuerdo con la iniciativa y contaba con la herramienta del veto, como ocurri\u00f3 con la ley de Emergencia laboral.<\/p>\n<p>Con la convocatoria a extraordinarias que incluye la nueva propuesta de Emergencia Social, los movimientos sociales decidieron levantar las movilizaciones que hab\u00edan anunciado para ma\u00f1ana, pero confirmaron que se manifestar\u00e1n en la puerta del Congreso el d\u00eda de la sesi\u00f3n, a la espera de la aprobaci\u00f3n.<\/p>\n<h6>Fuente: P\u00e1gina 12<\/h6>\n","protected":false},"excerpt":{"rendered":"<p>Los representantes de los movimientos sociales lograron el compromiso del Ejecutivo y de los bloques parlamentarios para modificar por consenso el proyecto de ley de emergencia social. Suspendieron la marcha de ma\u00f1ana.<\/p>\n","protected":false},"author":2,"featured_media":56467,"comment_status":"closed","ping_status":"closed","sticky":false,"template":"","format":"standard","meta":{"footnotes":""},"categories":[8],"tags":[21],"class_list":["post-56466","post","type-post","status-publish","format-standard","has-post-thumbnail","hentry","category-informe-nacional","tag-argentina"],"_links":{"self":[{"href":"http:\/\/argentinamunicipal.com.ar\/argentina\/wp-json\/wp\/v2\/posts\/56466","targetHints":{"allow":["GET"]}}],"collection":[{"href":"http:\/\/argentinamunicipal.com.ar\/argentina\/wp-json\/wp\/v2\/posts"}],"about":[{"href":"http:\/\/argentinamunicipal.com.ar\/argentina\/wp-json\/wp\/v2\/types\/post"}],"author":[{"embeddable":true,"href":"http:\/\/argentinamunicipal.com.ar\/argentina\/wp-json\/wp\/v2\/users\/2"}],"replies":[{"embeddable":true,"href":"http:\/\/argentinamunicipal.com.ar\/argentina\/wp-json\/wp\/v2\/comments?post=56466"}],"version-history":[{"count":0,"href":"http:\/\/argentinamunicipal.com.ar\/argentina\/wp-json\/wp\/v2\/posts\/56466\/revisions"}],"wp:featuredmedia":[{"embeddable":true,"href":"http:\/\/argentinamunicipal.com.ar\/argentina\/wp-json\/wp\/v2\/media\/56467"}],"wp:attachment":[{"href":"http:\/\/argentinamunicipal.com.ar\/argentina\/wp-json\/wp\/v2\/media?parent=56466"}],"wp:term":[{"taxonomy":"category","embeddable":true,"href":"http:\/\/argentinamunicipal.com.ar\/argentina\/wp-json\/wp\/v2\/categories?post=56466"},{"taxonomy":"post_tag","embeddable":true,"href":"http:\/\/argentinamunicipal.com.ar\/argentina\/wp-json\/wp\/v2\/tags?post=56466"}],"curies":[{"name":"wp","href":"https:\/\/api.w.org\/{rel}","templated":true}]}}