{"id":56472,"date":"2016-11-24T07:36:44","date_gmt":"2016-11-24T10:36:44","guid":{"rendered":"http:\/\/argentinamunicipal.com.ar\/argentina\/?p=56472"},"modified":"2016-11-24T07:36:44","modified_gmt":"2016-11-24T10:36:44","slug":"acuerdan-no-haya-despidos-sin-penalidades-las-empresas","status":"publish","type":"post","link":"http:\/\/argentinamunicipal.com.ar\/argentina\/acuerdan-no-haya-despidos-sin-penalidades-las-empresas\/","title":{"rendered":"Acuerdan que no haya despidos, pero sin penalidades para las empresas"},"content":{"rendered":"<p>El gobierno sent\u00f3 en una misma mesa a empresarios y gremialistas y firmaron un acuerdo para que no se pierdan empleos hasta marzo del a\u00f1o que viene.<\/p>\n<p>A tiro de piedra del fin de a\u00f1o, fecha sensible para la situaci\u00f3n social, y con una econom\u00eda que no arranca, el Ejecutivo sell\u00f3 ayer un pacto con el empresariado y la CGT para frenar los despidos y las suspensiones hasta marzo de 2017. No es el primer \u201ccompromiso\u201d de estas caracter\u00edsticas al que da luz verde el gobierno de Mauricio Macri desde que lleg\u00f3 al poder, pero s\u00ed el primero que cuenta con el aval del gremialismo. Y se da en un contexto marcado adem\u00e1s por la pulseada sobre el impuesto a las Ganancias y la emergencia social.<\/p>\n<p>El esfuerzo por \u201cmantener los puestos de trabajo hasta marzo de 2017\u201d qued\u00f3 escrito en un acta tras la segunda mesa tripartita por el \u201cDi\u00e1logo para la Producci\u00f3n y el Trabajo\u201d. \u201cPara mantener los puestos y las dotaciones todos ponemos algo. El sector empresario, el cuidado de los puestos. Los trabajadores tambi\u00e9n. Y por supuesto, el Gobierno, a trav\u00e9s de los recursos que dispone para empresas en situaciones m\u00e1s complejas\u201d, anunci\u00f3 el ministro de Trabajo, Jorge Triaca, en conferencia de prensa junto al vicejefe de Gabinete Mario Quintana, en la Rosada.<\/p>\n<p>Un compromiso no es una norma, y el presidente Macri ya se encarg\u00f3 de vetar una ley que prohib\u00eda los despidos en mayo. Triaca no se refiri\u00f3 a ninguna penalidad para quienes fallen al cumplir su compromiso de no despedir por los pr\u00f3ximos dos meses y destac\u00f3 que, m\u00e1s all\u00e1 del acuerdo, el principal objetivo sigue siendo \u201cla generaci\u00f3n de nuevos puestos\u201d de trabajo. \u201cEn los \u00faltimos cuatro meses en la Argentina se ha generado la creaci\u00f3n de empleo neto en el sector privado\u201d, se\u00f1al\u00f3.<\/p>\n<p>Sus colaboradores negaron que est\u00e9 estipulada ning\u00fan tipo de medida de sanci\u00f3n. \u201cEs un punto m\u00e1s en el di\u00e1logo con los dos sectores, no es que haya un situaci\u00f3n de despidos a la que se haya que poner un tap\u00f3n. El peligro est\u00e1 en que se lea como una confirmaci\u00f3n de una situaci\u00f3n de ola de despidos que no es tal\u201d, afirm\u00f3 a este diario un hombre cercano al ministro.<\/p>\n<p>\u201cEs un acuerdo de buena voluntad, pero no tenemos facultad para representar a todas las empresas porque cada una conoce su situaci\u00f3n\u201d, reconoci\u00f3 ayer Jorge Di Fiori (C\u00e1mara de Comercio).<\/p>\n<p>Previo a la mesa, Triaca y Quintana se hab\u00edan reunido con Di Fiori, Luis Miguel Etchevehere (Sociedad Rural), Juan Chediack (C\u00e1mara de la Construcci\u00f3n), Adelmo Gabbi (Bolsa), y Daniel Llamb\u00edas (Adeba). El empresariado prefiere un compromiso a una ley antidespidos y conflictos gremiales. El mismo mes en que el presidente vet\u00f3 la ley antidespidos, el gobierno hab\u00eda sellado con los empresarios el primer pacto para frenar las cesant\u00edas. Pero, a diferencia del de ayer, no contaba con el aval de la CGT, entonces a\u00fan no unificada.<\/p>\n<p>\u201cTenemos que poner la productividad como una batalla de todos, no de unos contra otros. Habr\u00e1 que ver si hay convenios que est\u00e1n frenando esto\u201d, dijo Quintana y anunci\u00f3 la creaci\u00f3n de siete mesas de trabajo, tres sectoriales (construcci\u00f3n, agropecuaria y log\u00edstica) y cuatro tem\u00e1ticas: desarrollo de proveedores, creaci\u00f3n de empleo joven, capacitaci\u00f3n laboral y formalizaci\u00f3n del empleo en negro.<\/p>\n<p>\u201cTodas las partes entienden que el mejor camino para la eliminaci\u00f3n de la pobreza es la creaci\u00f3n de m\u00e1s y mejor empleo\u201d.<br \/>\nJorge Triaca,\u00a0Ministro de Trabajo<\/p>\n<p>\u201cEs un acuerdo de buena voluntad, pero no tenemos facultad para representar a todas las empresas. Cada una conoce su situaci\u00f3n\u201d.<br \/>\nJorge Di Fiori,\u00a0C\u00e1mara de Comercio<\/p>\n<p><strong>El dato<\/strong><br \/>\n127.000<br \/>\nEs el n\u00famero de puestos de trabajo que se perdieron desde marzo hasta septiembre de 2017, seg\u00fan la AFIP.<\/p>\n<p><strong>Habr\u00e1 ley de emergencia social<\/strong><br \/>\nFinalmente hubo acuerdo entre el gobierno y los movimientos sociales. El ejecutivo acept\u00f3 ayer declarar la emergencia social por los pr\u00f3ximos tres a\u00f1os, para lo que destinar\u00e1 27 mil millones de pesos anuales.<br \/>\nEl acuerdo fue cerrado entre los ministros de Trabajo, Jorge Triaca, y de Desarrollo Social, Carolina Stanley,y el jefe del Pro en Diputados, Nicol\u00e1s Massot, con los representantes de la agrupaci\u00f3n Barrios de Pie, la CTEP y la Corriente Clasista y Combativa. El actual proyecto de Emergencia recibir\u00e1 modificaciones en diputados y volver\u00e1 al senado, para ser tratado en sesiones extraordinarias. Del proyecto original, seg\u00fan confirmaron desde CTEP, se mantendr\u00e1 la conformaci\u00f3n del Consejo de la Econom\u00eda Popular, el salario social complementario y el aumento a las AUH. No as\u00ed la creaci\u00f3n de un mill\u00f3n de puestos de trabajo.<\/p>\n<h6>Fuente: R\u00edo Negro<\/h6>\n","protected":false},"excerpt":{"rendered":"<p>El gobierno sent\u00f3 en una misma mesa a empresarios y gremialistas y firmaron un acuerdo para que no se pierdan empleos hasta marzo del a\u00f1o que viene.<\/p>\n","protected":false},"author":2,"featured_media":56473,"comment_status":"closed","ping_status":"closed","sticky":false,"template":"","format":"standard","meta":{"footnotes":""},"categories":[8],"tags":[21],"class_list":["post-56472","post","type-post","status-publish","format-standard","has-post-thumbnail","hentry","category-informe-nacional","tag-argentina"],"_links":{"self":[{"href":"http:\/\/argentinamunicipal.com.ar\/argentina\/wp-json\/wp\/v2\/posts\/56472","targetHints":{"allow":["GET"]}}],"collection":[{"href":"http:\/\/argentinamunicipal.com.ar\/argentina\/wp-json\/wp\/v2\/posts"}],"about":[{"href":"http:\/\/argentinamunicipal.com.ar\/argentina\/wp-json\/wp\/v2\/types\/post"}],"author":[{"embeddable":true,"href":"http:\/\/argentinamunicipal.com.ar\/argentina\/wp-json\/wp\/v2\/users\/2"}],"replies":[{"embeddable":true,"href":"http:\/\/argentinamunicipal.com.ar\/argentina\/wp-json\/wp\/v2\/comments?post=56472"}],"version-history":[{"count":0,"href":"http:\/\/argentinamunicipal.com.ar\/argentina\/wp-json\/wp\/v2\/posts\/56472\/revisions"}],"wp:featuredmedia":[{"embeddable":true,"href":"http:\/\/argentinamunicipal.com.ar\/argentina\/wp-json\/wp\/v2\/media\/56473"}],"wp:attachment":[{"href":"http:\/\/argentinamunicipal.com.ar\/argentina\/wp-json\/wp\/v2\/media?parent=56472"}],"wp:term":[{"taxonomy":"category","embeddable":true,"href":"http:\/\/argentinamunicipal.com.ar\/argentina\/wp-json\/wp\/v2\/categories?post=56472"},{"taxonomy":"post_tag","embeddable":true,"href":"http:\/\/argentinamunicipal.com.ar\/argentina\/wp-json\/wp\/v2\/tags?post=56472"}],"curies":[{"name":"wp","href":"https:\/\/api.w.org\/{rel}","templated":true}]}}