{"id":56485,"date":"2016-11-24T06:30:56","date_gmt":"2016-11-24T09:30:56","guid":{"rendered":"http:\/\/argentinamunicipal.com.ar\/argentina\/?p=56485"},"modified":"2016-11-24T07:56:49","modified_gmt":"2016-11-24T10:56:49","slug":"usaran-los-datos-los-neuquinos-atraer-inversores-una-ciudad-mas-inteligente","status":"publish","type":"post","link":"http:\/\/argentinamunicipal.com.ar\/argentina\/usaran-los-datos-los-neuquinos-atraer-inversores-una-ciudad-mas-inteligente\/","title":{"rendered":"Usar\u00e1n los datos de los neuquinos para atraer inversores y tener una ciudad \u00abm\u00e1s inteligente\u00bb"},"content":{"rendered":"<p>Se trata de la informaci\u00f3n sobre los usos y costumbres de cada ciudadano con el fin de crear pol\u00edticas p\u00fablicas. El intendente expuso en un evento organizado por Telef\u00f3nica en Buenos Aires.<\/p>\n<p>El intendente de Neuqu\u00e9n, Horacio \u00abPechi\u00bb Quiroga, fue uno de los principales oradores de un evento organizado por Telef\u00f3nica para explicar los avances del \u00abBig Data\u00bb y el desarrollo de \u00abciudades inteligentes\u00bb.<\/p>\n<p>Quiroga, uno de los principales entusiastas en el uso de los datos de los ciudadanos para la gesti\u00f3n de pol\u00edticas p\u00fablicas, asegur\u00f3 que sus decisiones en su \u00faltimo per\u00edodo como intendente de Neuqu\u00e9n \u00abest\u00e1n destinadas a que la ciudad sea m\u00e1s inteligente que cuando me hice cargo\u00bb.<\/p>\n<p>\u00abLo que queremos es encontrar elementos de medici\u00f3n para que la toma de decisiones como el Metrobus lleguen no solamente desde el Municipio, sino tambi\u00e9n desde los privados\u00bb, afirm\u00f3 el intendente.<\/p>\n<p>Adem\u00e1s, Pechi confirm\u00f3 antes los presentes que a futuro utilizar\u00e1n los datos de este proyecto para seducir a potenciales inversores.<\/p>\n<p>\u00abEl BID est\u00e1 por financiar el segundo convenio orientado a la utilizaci\u00f3n y la evaluaci\u00f3n de los datos de lo que se denomina micro-regi\u00f3n de Neuqu\u00e9n para que cualquier ciudadano que se interese en Neuqu\u00e9n tenga estas herramientas a mano\u00bb, asegur\u00f3.<\/p>\n<p>El intendente aclar\u00f3 que en esta nueva etapa ampliar\u00e1n el radio de medici\u00f3n de 300 mil a 600 mil habitantes, y asegur\u00f3 que \u00ablo que viene ahora es encontrar toda la informaci\u00f3n referida al desplazamiento de esa poblaci\u00f3n\u00bb.<\/p>\n<p>\u00abEn una Neuqu\u00e9n que crece, todo nos va quedando lejos y tenemos que ver c\u00f3mo transita y c\u00f3mo concurre esa gente a los distintos lugares\u00bb, asever\u00f3 Quiroga.<\/p>\n<p>\u00abHay que hacer rendir los recursos existentes\u00bb<\/p>\n<p>El intendente de la ciudad, que ante el auditorio se mostr\u00f3 muy convencido sobre la aplicaci\u00f3n del \u00abBig Data\u00bb, afirm\u00f3 que buscan dotarse de \u00abherramientas para que tengamos en Neuqu\u00e9n las mediciones correctas y para hacer rendir los recursos existentes\u00bb.<\/p>\n<p>\u00abHoy todo se puede medir, hasta los \u00e1rboles a los que les falta riego, y yo personalmente creo que lo que no se puede medir no existe\u00bb, afirm\u00f3.<\/p>\n<p>En ese sentido cit\u00f3 como ejemplo los cambios en el transporte p\u00fablico. \u00abEntendimos a partir de los datos que ten\u00edamos que mucha gente viaja en horario pico y muy poca gente en los horarios que se denominan \u00abvalle\u00bb, que son los no comerciales. Entonces trabajamos en ese sentido y ya estamos haciendo cambios\u00bb, dijo.<\/p>\n<p>\u00abEs como que toda la familia quiera salir en el mismo horario, todos juntos por la misma puerta. Hoy con el transporte p\u00fablico en Neuqu\u00e9n pasa lo mismo. Entonces lo que buscamos es tener esta informaci\u00f3n y con ella vamos a hacer que todo el mundo pueda vivir m\u00e1s c\u00f3modo\u00bb, asegur\u00f3 Quiroga.<\/p>\n<h6>Fuente: La Ma\u00f1ana Neuqu\u00e9n<\/h6>\n","protected":false},"excerpt":{"rendered":"<p>Se trata de la informaci\u00f3n sobre los usos y costumbres de cada ciudadano con el fin de crear pol\u00edticas p\u00fablicas. El intendente expuso en un evento organizado por Telef\u00f3nica en Buenos Aires.<\/p>\n","protected":false},"author":2,"featured_media":56486,"comment_status":"closed","ping_status":"closed","sticky":false,"template":"","format":"standard","meta":{"footnotes":""},"categories":[2],"tags":[23],"class_list":["post-56485","post","type-post","status-publish","format-standard","has-post-thumbnail","hentry","category-informe-municipal","tag-neuquen"],"_links":{"self":[{"href":"http:\/\/argentinamunicipal.com.ar\/argentina\/wp-json\/wp\/v2\/posts\/56485","targetHints":{"allow":["GET"]}}],"collection":[{"href":"http:\/\/argentinamunicipal.com.ar\/argentina\/wp-json\/wp\/v2\/posts"}],"about":[{"href":"http:\/\/argentinamunicipal.com.ar\/argentina\/wp-json\/wp\/v2\/types\/post"}],"author":[{"embeddable":true,"href":"http:\/\/argentinamunicipal.com.ar\/argentina\/wp-json\/wp\/v2\/users\/2"}],"replies":[{"embeddable":true,"href":"http:\/\/argentinamunicipal.com.ar\/argentina\/wp-json\/wp\/v2\/comments?post=56485"}],"version-history":[{"count":0,"href":"http:\/\/argentinamunicipal.com.ar\/argentina\/wp-json\/wp\/v2\/posts\/56485\/revisions"}],"wp:featuredmedia":[{"embeddable":true,"href":"http:\/\/argentinamunicipal.com.ar\/argentina\/wp-json\/wp\/v2\/media\/56486"}],"wp:attachment":[{"href":"http:\/\/argentinamunicipal.com.ar\/argentina\/wp-json\/wp\/v2\/media?parent=56485"}],"wp:term":[{"taxonomy":"category","embeddable":true,"href":"http:\/\/argentinamunicipal.com.ar\/argentina\/wp-json\/wp\/v2\/categories?post=56485"},{"taxonomy":"post_tag","embeddable":true,"href":"http:\/\/argentinamunicipal.com.ar\/argentina\/wp-json\/wp\/v2\/tags?post=56485"}],"curies":[{"name":"wp","href":"https:\/\/api.w.org\/{rel}","templated":true}]}}