{"id":56530,"date":"2016-11-25T06:48:24","date_gmt":"2016-11-25T09:48:24","guid":{"rendered":"http:\/\/argentinamunicipal.com.ar\/argentina\/?p=56530"},"modified":"2016-11-25T06:48:24","modified_gmt":"2016-11-25T09:48:24","slug":"rosario-trapitos-impiden-estacionar-libre-parque-urquiza","status":"publish","type":"post","link":"http:\/\/argentinamunicipal.com.ar\/argentina\/rosario-trapitos-impiden-estacionar-libre-parque-urquiza\/","title":{"rendered":"Rosario: Trapitos impiden estacionar libre en el parque Urquiza"},"content":{"rendered":"<p>\u00abMuchos vecinos de la zona y rosarinos que frecuentan el Parque Urquiza nos han hecho notar de esta situaci\u00f3n y no podemos menos que advertir de la anomal\u00eda y pedir que de manera urgente se intervenga en defensa del ciudadano\u00bb se\u00f1alaron los concejales de Uni\u00f3n PRO.<\/p>\n<p>Los concejales del bloque Uni\u00f3n PRO Carlos Cardozo y Alejandro Rossell\u00f3 presentaron un pedido de informes donde piden al Departamento Ejecutivo Municipal \u00abproceda a establecer los mecanismos de prevenci\u00f3n en virtud de que cuidacoches impiden el libre estacionamiento de automovilistas en las calles perimetrales del Parque Urquiza, tanto por Chacabuco, como por las avenidas De la Libertad y Diario La Capital, dado que se \u00abreservan\u00bb lugares para el lavado de veh\u00edculos y se proh\u00edbe (muchas veces de manera violenta) que los ciudadanos que concurren al espacio verde, al Planetario o al Anfiteatro puedan estacionar sus autom\u00f3viles\u00bb.<\/p>\n<p>\u00abPara evitar este verdadero abuso no se necesita de ninguna ordenanza en particular, como muchas veces se esgrime desde el municipio: es lisa y llanamente una ocupaci\u00f3n ilegal del espacio p\u00fablico\u00bb indicaron los ediles del PRO.<\/p>\n<p>\u00abSi bien sabemos que hay divergencias entre las distintas fuerzas pol\u00edticas sobre como debe ser abordado el tema de los cuidacoches en la ciudad (nosotros sostenemos la ordenanza presentada oportunamente por Roy L\u00f3pez Molina de prohibici\u00f3n para algunos sectores e integraci\u00f3n en otros), en este caso no tenemos dudas de que se est\u00e1 avasallando el derecho ciudadano y la ley, es por ello que solicitamos a las autoridades que intervengan\u00bb dijeron los representantes de Cambiemos.<\/p>\n<p>\u00abSi se pierde el concepto m\u00ednimo de la autoridad y el control, la administraci\u00f3n del Estado se encuentra en graves problemas\u00bb finalizaron Carlos Cardozo y Alejandro Rossell\u00f3.<\/p>\n<h6>Fuente: Sin Mordaza<\/h6>\n","protected":false},"excerpt":{"rendered":"<p>\u00abMuchos vecinos de la zona y rosarinos que frecuentan el Parque Urquiza nos han hecho notar de esta situaci\u00f3n y no podemos menos que advertir de la anomal\u00eda y pedir que de manera urgente se intervenga en defensa del ciudadano\u00bb<\/p>\n","protected":false},"author":2,"featured_media":56531,"comment_status":"closed","ping_status":"closed","sticky":false,"template":"","format":"standard","meta":{"footnotes":""},"categories":[2],"tags":[10],"class_list":["post-56530","post","type-post","status-publish","format-standard","has-post-thumbnail","hentry","category-informe-municipal","tag-santa-fe"],"_links":{"self":[{"href":"http:\/\/argentinamunicipal.com.ar\/argentina\/wp-json\/wp\/v2\/posts\/56530","targetHints":{"allow":["GET"]}}],"collection":[{"href":"http:\/\/argentinamunicipal.com.ar\/argentina\/wp-json\/wp\/v2\/posts"}],"about":[{"href":"http:\/\/argentinamunicipal.com.ar\/argentina\/wp-json\/wp\/v2\/types\/post"}],"author":[{"embeddable":true,"href":"http:\/\/argentinamunicipal.com.ar\/argentina\/wp-json\/wp\/v2\/users\/2"}],"replies":[{"embeddable":true,"href":"http:\/\/argentinamunicipal.com.ar\/argentina\/wp-json\/wp\/v2\/comments?post=56530"}],"version-history":[{"count":0,"href":"http:\/\/argentinamunicipal.com.ar\/argentina\/wp-json\/wp\/v2\/posts\/56530\/revisions"}],"wp:featuredmedia":[{"embeddable":true,"href":"http:\/\/argentinamunicipal.com.ar\/argentina\/wp-json\/wp\/v2\/media\/56531"}],"wp:attachment":[{"href":"http:\/\/argentinamunicipal.com.ar\/argentina\/wp-json\/wp\/v2\/media?parent=56530"}],"wp:term":[{"taxonomy":"category","embeddable":true,"href":"http:\/\/argentinamunicipal.com.ar\/argentina\/wp-json\/wp\/v2\/categories?post=56530"},{"taxonomy":"post_tag","embeddable":true,"href":"http:\/\/argentinamunicipal.com.ar\/argentina\/wp-json\/wp\/v2\/tags?post=56530"}],"curies":[{"name":"wp","href":"https:\/\/api.w.org\/{rel}","templated":true}]}}