{"id":56533,"date":"2016-11-25T06:57:59","date_gmt":"2016-11-25T09:57:59","guid":{"rendered":"http:\/\/argentinamunicipal.com.ar\/argentina\/?p=56533"},"modified":"2016-11-25T06:57:59","modified_gmt":"2016-11-25T09:57:59","slug":"santa-fe-asume-la-presidencia-mercociudades","status":"publish","type":"post","link":"http:\/\/argentinamunicipal.com.ar\/argentina\/santa-fe-asume-la-presidencia-mercociudades\/","title":{"rendered":"Santa Fe asume la presidencia de Mercociudades"},"content":{"rendered":"<p>Este viernes, en el marco de la Asamblea general con la que culminar\u00e1 la XXI Cumbre, la ciudad de Santa Fe asumir\u00e1 la presidencia de la Red de municipios m\u00e1s importante de Am\u00e9rica Latina por el per\u00edodo 2016-2017.<\/p>\n<p>Este viernes por la ma\u00f1ana la ciudad de Santa Fe asumir\u00e1 la presidencia de Mercociudades por el por el per\u00edodo 2016-2017. Ser\u00e1 en el marco del desarrollo de la Asamblea general mediante la que concluir\u00e1 la XXI Cumbre.<\/p>\n<p>Previamente, a las 9, el intendente Jos\u00e9 Corral y el jefe de Gabinete del Gobierno de la Naci\u00f3n, Marcos Pe\u00f1a, brindar\u00e1n una conferencia de prensa en Residencia Stamati (Av. 7 jefes 4321). Las autoridades estar\u00e1n acompa\u00f1adas por Daniel Mart\u00ednez, intendente de Montevideo -capital uruguaya donde funciona la Secretar\u00eda T\u00e9cnica de la Red de municipios m\u00e1s importante de Latinoam\u00e9rica-.<\/p>\n<p>Estas actividades marcar\u00e1n el cierre formal del encuentro que comenz\u00f3 el mi\u00e9rcoles, se desarroll\u00f3 bajo el lema \u00abConstrucci\u00f3n de Sociedades Resilientes en el marco de la Integraci\u00f3n Regional\u00bb y cont\u00f3 con la participaci\u00f3n de intendentes, alcaldes, prefeitos y funcionarios de m\u00e1s de 135 localidades de Latinoam\u00e9rica; de autoridades provinciales y nacionales; y de representantes de organismos internacionales.<\/p>\n<h6>Fuente: Sin MOrdaza<\/h6>\n","protected":false},"excerpt":{"rendered":"<p>Este viernes, en el marco de la Asamblea general con la que culminar\u00e1 la XXI Cumbre, la ciudad de Santa Fe asumir\u00e1 la presidencia de la Red de municipios m\u00e1s importante de Am\u00e9rica Latina por el per\u00edodo 2016-2017. <\/p>\n","protected":false},"author":2,"featured_media":56534,"comment_status":"closed","ping_status":"closed","sticky":false,"template":"","format":"standard","meta":{"footnotes":""},"categories":[2],"tags":[10],"class_list":["post-56533","post","type-post","status-publish","format-standard","has-post-thumbnail","hentry","category-informe-municipal","tag-santa-fe"],"_links":{"self":[{"href":"http:\/\/argentinamunicipal.com.ar\/argentina\/wp-json\/wp\/v2\/posts\/56533","targetHints":{"allow":["GET"]}}],"collection":[{"href":"http:\/\/argentinamunicipal.com.ar\/argentina\/wp-json\/wp\/v2\/posts"}],"about":[{"href":"http:\/\/argentinamunicipal.com.ar\/argentina\/wp-json\/wp\/v2\/types\/post"}],"author":[{"embeddable":true,"href":"http:\/\/argentinamunicipal.com.ar\/argentina\/wp-json\/wp\/v2\/users\/2"}],"replies":[{"embeddable":true,"href":"http:\/\/argentinamunicipal.com.ar\/argentina\/wp-json\/wp\/v2\/comments?post=56533"}],"version-history":[{"count":0,"href":"http:\/\/argentinamunicipal.com.ar\/argentina\/wp-json\/wp\/v2\/posts\/56533\/revisions"}],"wp:featuredmedia":[{"embeddable":true,"href":"http:\/\/argentinamunicipal.com.ar\/argentina\/wp-json\/wp\/v2\/media\/56534"}],"wp:attachment":[{"href":"http:\/\/argentinamunicipal.com.ar\/argentina\/wp-json\/wp\/v2\/media?parent=56533"}],"wp:term":[{"taxonomy":"category","embeddable":true,"href":"http:\/\/argentinamunicipal.com.ar\/argentina\/wp-json\/wp\/v2\/categories?post=56533"},{"taxonomy":"post_tag","embeddable":true,"href":"http:\/\/argentinamunicipal.com.ar\/argentina\/wp-json\/wp\/v2\/tags?post=56533"}],"curies":[{"name":"wp","href":"https:\/\/api.w.org\/{rel}","templated":true}]}}