{"id":56536,"date":"2016-11-25T07:02:18","date_gmt":"2016-11-25T10:02:18","guid":{"rendered":"http:\/\/argentinamunicipal.com.ar\/argentina\/?p=56536"},"modified":"2016-11-25T07:02:18","modified_gmt":"2016-11-25T10:02:18","slug":"rosario-venderan-la-canasta-navidena-mas-barata-del-pais","status":"publish","type":"post","link":"http:\/\/argentinamunicipal.com.ar\/argentina\/rosario-venderan-la-canasta-navidena-mas-barata-del-pais\/","title":{"rendered":"En Rosario vender\u00e1n la canasta navide\u00f1a \u00abm\u00e1s barata del pa\u00eds\u00bb"},"content":{"rendered":"<p>La c\u00e1mara de los s\u00faper locales ofrece cinco productos en una bolsa ecol\u00f3gica a $ 69, un 20 por ciento menos que las m\u00e1s b\u00e1sicas de las cadenas<\/p>\n<p>Frente a la escalada de precios de este a\u00f1o, que hizo disparar el costo de los productos navide\u00f1os, la C\u00e1mara de Supermercados de Rosario y la Regi\u00f3n (Casar) propuso a productores y comerciantes de la zona \u00abaunar esfuerzos\u00bb para lanzar una canasta de productos para las fiestas. En rigor, esta vez el kit \u2014que se presentar\u00e1 hoy\u2014 saldr\u00e1 dentro de una \u00abbolsa ecol\u00f3gica\u00bb y contendr\u00e1 una sidra, un pan dulce, un bud\u00edn, un turr\u00f3n y una garrapi\u00f1ada, todo por 69 pesos, un 40 por ciento arriba de la que, a 49,90, promocionaron para las fiestas del 2015.<\/p>\n<p>La buena noticia es que, seg\u00fan los directivos de la C\u00e1mara de Supermercados de Rosario y la regi\u00f3n, la canasta local ser\u00e1 \u00abla m\u00e1s barata del pa\u00eds\u00bb, ubic\u00e1ndose por lo menos un 20 por ciento abajo de las m\u00e1s b\u00e1sicas que est\u00e1n armando las grandes cadenas.<\/p>\n<p>El presidente de la entidad, Mariano Mart\u00edn, record\u00f3 que este ser\u00e1 el cuatro a\u00f1o consecutivo en que unas 380 bocas de expendio de supermercados y autoservicios de Rosario y varias otras localidades santafesinas ofrecer\u00e1n la promoci\u00f3n, lograda tambi\u00e9n gracias a la participaci\u00f3n de f\u00e1bricas regionales.<\/p>\n<p>Mesa dulce. Los cinco productos incluidos esta vez (aparte de la misma bolsa) son los \u00abinfaltables\u00bb en una mesa dulce navide\u00f1a: sidra, pan dulce, bud\u00edn, turr\u00f3n y garrapi\u00f1ada.<\/p>\n<p>No todos los supermercados ofrecer\u00e1n las mismas marcas, explic\u00f3 Mart\u00edn, ya que los proveedores ir\u00e1n cambiando seg\u00fan las zonas donde est\u00e1n ubicados los 380 locales.<\/p>\n<p>Entre las firmas rosarinas asociadas a Casar y que saldr\u00e1n a ofrecer esta bolsa en los distintos barrios de la ciudad (la mayor\u00eda a partir del 1\u00ba de diciembre, aunque algunos ya la tienen disponible) figuran los supermercados Unico, Premium, Dar, Micropack, Arco Iris, La Ola, G\u00e9nova y El Delf\u00edn Blanco.<\/p>\n<p>Tambi\u00e9n vender\u00e1n la bolsa promocional navide\u00f1a a 69 pesos comercios de localidades vecinas como Funes, Arroyo Seco, Villa Gobernador G\u00e1lvez, Granadero Baigorria, Capit\u00e1n Berm\u00fadez, San Lorenzo, Casilda, Firmat, Carcara\u00f1\u00e1, Bigand, Chab\u00e1s, Corral de Bustos y G\u00e1lvez, entre otras.<\/p>\n<p>\u00abLa idea es unir esfuerzos \u2014el de la c\u00e1mara, los supermercados asociados, fabricantes y proveedores\u2014 para poder ofrecer a la gente productos buenos y econ\u00f3micos para las fiestas\u00bb, explic\u00f3 Mart\u00edn, iniciativa de la que dijo se sienten \u00aborgullosos\u00bb.<\/p>\n<p>Sinergia regional. De hecho, durante los cuatro fines de a\u00f1o anteriores la caja \u00abse vendi\u00f3 muy bien\u00bb y \u00abpermiti\u00f3 acercar a los hogares los productos de las fiestas de fin de a\u00f1o\u00bb.<\/p>\n<p>Seg\u00fan Mart\u00edn, las grandes cadenas de supermercados nacionales y extranjeras no ofrecer\u00e1n una caja con esa misma cantidad de productos por menos de 89 pesos. Jumbo, por ejemplo, lanz\u00f3 ya un pack con los cinco mismos art\u00edculos (pero de distintas marcas) por 99 y Coto por 121. Otras empresas a\u00fan no han lanzado sus promociones.<\/p>\n<p>\u00abUna vez m\u00e1s, como hace varios a\u00f1os, acompa\u00f1ando en estas fiestas con una canasta que pueda estar al alcance de todos\u00bb, asegur\u00f3 por su parte la gerenta de la c\u00e1mara, Ver\u00f3nica Solmi.<\/p>\n<p>Un buen anuncio local a poco de conocerse un estudio que, a nivel nacional, relev\u00f3 un incremento del 67,7 por ciento en los productos que se sirven usualmente en la mesa navide\u00f1a.<\/p>\n<h6>Fuente: La Capital Rosario<\/h6>\n","protected":false},"excerpt":{"rendered":"<p>La c\u00e1mara de los s\u00faper locales ofrece cinco productos en una bolsa ecol\u00f3gica a $ 69, un 20 por ciento menos que las m\u00e1s b\u00e1sicas de las cadenas<\/p>\n","protected":false},"author":2,"featured_media":56537,"comment_status":"closed","ping_status":"closed","sticky":false,"template":"","format":"standard","meta":{"footnotes":""},"categories":[2],"tags":[10],"class_list":["post-56536","post","type-post","status-publish","format-standard","has-post-thumbnail","hentry","category-informe-municipal","tag-santa-fe"],"_links":{"self":[{"href":"http:\/\/argentinamunicipal.com.ar\/argentina\/wp-json\/wp\/v2\/posts\/56536","targetHints":{"allow":["GET"]}}],"collection":[{"href":"http:\/\/argentinamunicipal.com.ar\/argentina\/wp-json\/wp\/v2\/posts"}],"about":[{"href":"http:\/\/argentinamunicipal.com.ar\/argentina\/wp-json\/wp\/v2\/types\/post"}],"author":[{"embeddable":true,"href":"http:\/\/argentinamunicipal.com.ar\/argentina\/wp-json\/wp\/v2\/users\/2"}],"replies":[{"embeddable":true,"href":"http:\/\/argentinamunicipal.com.ar\/argentina\/wp-json\/wp\/v2\/comments?post=56536"}],"version-history":[{"count":0,"href":"http:\/\/argentinamunicipal.com.ar\/argentina\/wp-json\/wp\/v2\/posts\/56536\/revisions"}],"wp:featuredmedia":[{"embeddable":true,"href":"http:\/\/argentinamunicipal.com.ar\/argentina\/wp-json\/wp\/v2\/media\/56537"}],"wp:attachment":[{"href":"http:\/\/argentinamunicipal.com.ar\/argentina\/wp-json\/wp\/v2\/media?parent=56536"}],"wp:term":[{"taxonomy":"category","embeddable":true,"href":"http:\/\/argentinamunicipal.com.ar\/argentina\/wp-json\/wp\/v2\/categories?post=56536"},{"taxonomy":"post_tag","embeddable":true,"href":"http:\/\/argentinamunicipal.com.ar\/argentina\/wp-json\/wp\/v2\/tags?post=56536"}],"curies":[{"name":"wp","href":"https:\/\/api.w.org\/{rel}","templated":true}]}}