{"id":56577,"date":"2016-11-25T08:34:42","date_gmt":"2016-11-25T11:34:42","guid":{"rendered":"http:\/\/argentinamunicipal.com.ar\/argentina\/?p=56577"},"modified":"2016-11-25T08:34:42","modified_gmt":"2016-11-25T11:34:42","slug":"fiesta-nacional-del-chivito-chos-malal-del-25-al-27-noviembre","status":"publish","type":"post","link":"http:\/\/argentinamunicipal.com.ar\/argentina\/fiesta-nacional-del-chivito-chos-malal-del-25-al-27-noviembre\/","title":{"rendered":"Fiesta Nacional del Chivito en Chos Malal\u00a0del 25 al 27 de noviembre"},"content":{"rendered":"<p>El festejo se extender\u00e1 del viernes al domingo e incluir\u00e1 actividades camperas, adem\u00e1s de la actuaci\u00f3n de reconocidos artistas nacionales.<\/p>\n<p>La Fiesta Nacional del Chivito se realizar\u00e1 este fin de semana en el predio ferial de Chos Malal, y su principal atractivo gastron\u00f3mico podr\u00e1 adquirirse a un costo accesible debido a que la organizaci\u00f3n decidi\u00f3 que se comercialice en porciones.<\/p>\n<p>La secretaria de Relaciones Institucionales del municipio y coordinadora del acontecimiento, Adriana N\u00fa\u00f1ez, asegur\u00f3 que una porci\u00f3n de chivito asado, con ensalada y pan tendr\u00e1 un costo de 180 pesos.<\/p>\n<p>N\u00fa\u00f1ez anticip\u00f3 que la Corporaci\u00f3n de Desarrollo de la Cuenca del Curi Leuv\u00fa (Cordecc) estar\u00e1 a cargo el abastecimiento del producto dentro del predio de la fiesta, que comienza ma\u00f1ana viernes y finaliza el domingo.<\/p>\n<p>La Cordecc, un organismo que depende del Estado provincial, contar\u00e1 con una globa cercana al escenario de la fiesta, donde los concurrentes a la fiesta podr\u00e1n degustar el chivito criollo del Norte neuquino.<\/p>\n<p>\u201cLa gente se va a poder sentar en un lugar muy c\u00f3modo, atendido por mozos y comer chivito mientras disfruta de los espect\u00e1culos de escenario\u201d manifest\u00f3 Adriana N\u00fa\u00f1ez.<\/p>\n<p>Los costos<\/p>\n<p>Los precios del chivito asado para esta fiesta ser\u00e1n: 1.600 pesos entero, 850 pesos el medio, 450 pesos el cuarto y la porci\u00f3n a 180 pesos. En todos los casos se incluye ensalada y pan.<\/p>\n<p>Como en a\u00f1os anteriores, para esta edici\u00f3n, pero en una chacra ubicada en calles La Plata y Salta, el d\u00eda domingo se asar\u00e1n en simult\u00e1neo 1.129 chivitos que ser\u00e1n comercializados por organizaciones no gubernamentales de Chos Malal a un costo de 1.250 pesos por unidad.<\/p>\n<p>Adem\u00e1s, est\u00e1 previsto un concurso gastron\u00f3mico en el que l\u00f3gicamente el principal producto ser\u00e1 el chivito y cada creaci\u00f3n ser\u00e1 evaluada por un jurado de reconocida trayectoria a nivel nacional.<\/p>\n<p>Y estar\u00e1n al alcance del p\u00fablico los vinos artesanales elaborados en el valle de Chos Malal, donde existe una tradici\u00f3n vitivin\u00edcola con m\u00e1s de un siglo de historia.<\/p>\n<p>Hoteles completos<\/p>\n<p>Otro dato alentador para los organizadores de la fiesta es la ocupaci\u00f3n hotelera de Chos Malal, la cual estar\u00e1 totalmente completa durante los d\u00edas en que se realizar\u00e1 la fiesta, seg\u00fan se adelant\u00f3.<\/p>\n<p>La ciudad tiene una capacidad hotelera de 500 camas y debido a la gran demanda de alojamiento que se registra para el fin de semana, desde el \u00e1rea Turismo de la municipalidad se decidi\u00f3 habilitar temporariamente casas de familia, departamentos y otros espacios que sirvan para albergar a los visitantes.<\/p>\n<p>Tambi\u00e9n se han derivado personas a las hoster\u00edas y hoteles de otros puntos de la zona.<br \/>\n\u201cLa gente se va a poder sentar en un lugar muy c\u00f3modo, atendido por mozos y comer chivito mientras disfruta de los espect\u00e1culos\u201d.<br \/>\nAdriana N\u00fa\u00f1ez, secretaria de Relaciones Institucionales municipal.<\/p>\n<h6>Fuente: r\u00edo Negro<\/h6>\n","protected":false},"excerpt":{"rendered":"<p>El festejo se extender\u00e1 del viernes al domingo e incluir\u00e1 actividades camperas, adem\u00e1s de la actuaci\u00f3n de reconocidos artistas nacionales.<\/p>\n","protected":false},"author":2,"featured_media":56578,"comment_status":"closed","ping_status":"closed","sticky":false,"template":"","format":"standard","meta":{"footnotes":""},"categories":[47],"tags":[23],"class_list":["post-56577","post","type-post","status-publish","format-standard","has-post-thumbnail","hentry","category-fiestas","tag-neuquen"],"_links":{"self":[{"href":"http:\/\/argentinamunicipal.com.ar\/argentina\/wp-json\/wp\/v2\/posts\/56577","targetHints":{"allow":["GET"]}}],"collection":[{"href":"http:\/\/argentinamunicipal.com.ar\/argentina\/wp-json\/wp\/v2\/posts"}],"about":[{"href":"http:\/\/argentinamunicipal.com.ar\/argentina\/wp-json\/wp\/v2\/types\/post"}],"author":[{"embeddable":true,"href":"http:\/\/argentinamunicipal.com.ar\/argentina\/wp-json\/wp\/v2\/users\/2"}],"replies":[{"embeddable":true,"href":"http:\/\/argentinamunicipal.com.ar\/argentina\/wp-json\/wp\/v2\/comments?post=56577"}],"version-history":[{"count":0,"href":"http:\/\/argentinamunicipal.com.ar\/argentina\/wp-json\/wp\/v2\/posts\/56577\/revisions"}],"wp:featuredmedia":[{"embeddable":true,"href":"http:\/\/argentinamunicipal.com.ar\/argentina\/wp-json\/wp\/v2\/media\/56578"}],"wp:attachment":[{"href":"http:\/\/argentinamunicipal.com.ar\/argentina\/wp-json\/wp\/v2\/media?parent=56577"}],"wp:term":[{"taxonomy":"category","embeddable":true,"href":"http:\/\/argentinamunicipal.com.ar\/argentina\/wp-json\/wp\/v2\/categories?post=56577"},{"taxonomy":"post_tag","embeddable":true,"href":"http:\/\/argentinamunicipal.com.ar\/argentina\/wp-json\/wp\/v2\/tags?post=56577"}],"curies":[{"name":"wp","href":"https:\/\/api.w.org\/{rel}","templated":true}]}}