{"id":56586,"date":"2016-11-29T06:38:42","date_gmt":"2016-11-29T09:38:42","guid":{"rendered":"http:\/\/argentinamunicipal.com.ar\/argentina\/?p=56586"},"modified":"2016-11-29T06:38:42","modified_gmt":"2016-11-29T09:38:42","slug":"los-intendentes-del-sudoeste-se-reunen-coronel-pringles","status":"publish","type":"post","link":"http:\/\/argentinamunicipal.com.ar\/argentina\/los-intendentes-del-sudoeste-se-reunen-coronel-pringles\/","title":{"rendered":"Los intendentes del Sudoeste se re\u00fanen en Coronel Pringles"},"content":{"rendered":"<p>La reuni\u00f3n ser\u00e1 encabezada por el ministro de Agroindustria, Leonardo Sarqu\u00eds.<\/p>\n<p>Ma\u00f1ana a las 11, en Coronel Pringles, se desarrollar\u00e1 una nueva reuni\u00f3n del Foro de Intendentes del Sudoeste Bonaerense, que contar\u00e1 con la participaci\u00f3n de los 12 jefes comunales de la regi\u00f3n.<\/p>\n<p>El encuentro se llevar\u00e1 a caboen el Teatro Municipal; y ser\u00e1 encabezado por el titular del \u00e1rea provincial de Agroindustria, Leonardo Sarqu\u00eds.<\/p>\n<p>Uno de los temas fundamentales ser\u00e1 la llegada de los fondos a los distintos municipios.<\/p>\n<p>\u201cNuestro distrito se encuentra a la espera del desembolso de los fondos destinados a la adecuaci\u00f3n del matadero de Indio Rico. Tenemos la palabra de la gente del ministerio que antes de fin de a\u00f1o estar\u00edamos iniciando los trabajos\u201d, dijo Oscar Rossi, director de Producci\u00f3n, Asuntos Rurales y Turismo pringlense.<\/p>\n<h6>Fuente: La Nueva<\/h6>\n","protected":false},"excerpt":{"rendered":"<p>La reuni\u00f3n ser\u00e1 encabezada por el ministro de Agroindustria, Leonardo Sarqu\u00eds.<\/p>\n","protected":false},"author":2,"featured_media":56587,"comment_status":"closed","ping_status":"closed","sticky":false,"template":"","format":"standard","meta":{"footnotes":""},"categories":[2],"tags":[12],"class_list":["post-56586","post","type-post","status-publish","format-standard","has-post-thumbnail","hentry","category-informe-municipal","tag-buenos-aires"],"_links":{"self":[{"href":"http:\/\/argentinamunicipal.com.ar\/argentina\/wp-json\/wp\/v2\/posts\/56586","targetHints":{"allow":["GET"]}}],"collection":[{"href":"http:\/\/argentinamunicipal.com.ar\/argentina\/wp-json\/wp\/v2\/posts"}],"about":[{"href":"http:\/\/argentinamunicipal.com.ar\/argentina\/wp-json\/wp\/v2\/types\/post"}],"author":[{"embeddable":true,"href":"http:\/\/argentinamunicipal.com.ar\/argentina\/wp-json\/wp\/v2\/users\/2"}],"replies":[{"embeddable":true,"href":"http:\/\/argentinamunicipal.com.ar\/argentina\/wp-json\/wp\/v2\/comments?post=56586"}],"version-history":[{"count":0,"href":"http:\/\/argentinamunicipal.com.ar\/argentina\/wp-json\/wp\/v2\/posts\/56586\/revisions"}],"wp:featuredmedia":[{"embeddable":true,"href":"http:\/\/argentinamunicipal.com.ar\/argentina\/wp-json\/wp\/v2\/media\/56587"}],"wp:attachment":[{"href":"http:\/\/argentinamunicipal.com.ar\/argentina\/wp-json\/wp\/v2\/media?parent=56586"}],"wp:term":[{"taxonomy":"category","embeddable":true,"href":"http:\/\/argentinamunicipal.com.ar\/argentina\/wp-json\/wp\/v2\/categories?post=56586"},{"taxonomy":"post_tag","embeddable":true,"href":"http:\/\/argentinamunicipal.com.ar\/argentina\/wp-json\/wp\/v2\/tags?post=56586"}],"curies":[{"name":"wp","href":"https:\/\/api.w.org\/{rel}","templated":true}]}}