{"id":56607,"date":"2016-11-29T06:00:38","date_gmt":"2016-11-29T09:00:38","guid":{"rendered":"http:\/\/argentinamunicipal.com.ar\/argentina\/?p=56607"},"modified":"2016-11-29T07:15:26","modified_gmt":"2016-11-29T10:15:26","slug":"ultimo-ano-cerraron-unas-445-empresas-la-construccion-pais","status":"publish","type":"post","link":"http:\/\/argentinamunicipal.com.ar\/argentina\/ultimo-ano-cerraron-unas-445-empresas-la-construccion-pais\/","title":{"rendered":"En el \u00faltimo a\u00f1o cerraron unas 445 empresas de la construcci\u00f3n en el pa\u00eds"},"content":{"rendered":"<p>La recesi\u00f3n impact\u00f3 adem\u00e1s en la generaci\u00f3n de empleos en el sector, seg\u00fan el Instituto de Estad\u00edstica y Registro de la industria de este rubro.<\/p>\n<p>La recesi\u00f3n econ\u00f3mica gener\u00f3 el cierre o quiebra de unas 445 empresas de la industria de la construcci\u00f3n en los \u00faltimos doce meses en todo el pa\u00eds, lo que impact\u00f3 negativamente en la generaci\u00f3n de empleos en el sector.<\/p>\n<p>El cierre de empresas hizo caer en octubre un 2 por ciento la cantidad de empleadores en uno de los rubros m\u00e1s din\u00e1micos de la econom\u00eda, en comparaci\u00f3n con el mismo mes del a\u00f1o pasado, indic\u00f3 el Instituto de Estad\u00edstica y Registro de la Industria de la Construcci\u00f3n (Ieric).<\/p>\n<p>El informe se\u00f1al\u00f3 que la contracci\u00f3n es considerablemente m\u00e1s suave que en el a\u00f1o 2009, cuando impact\u00f3 en el pa\u00eds la crisis internacional por el estallido financiero en los Estados Unidos, y 2014, cuando en el Argentina hubo una devaluaci\u00f3n con alza inflacionaria.<\/p>\n<p>En t\u00e9rminos absolutos, en los \u00faltimos doce meses dejaron la actividad de la construcci\u00f3n unas 445 empresas empleadoras, cuando en igual per\u00edodo de 2014 lo hab\u00edan hecho 1.920 firmas y en 2009, 3.124 Seg\u00fan estimaciones del Centro de Estudios Econ\u00f3micos Orlando Ferreres, la situaci\u00f3n de la Construcci\u00f3n en materia de inversiones \u00abes poco optimista\u00bb ya que \u00abno s\u00f3lo no logra reponer los niveles de crecimiento vistos en a\u00f1os anteriores sino que acent\u00faa a\u00fan m\u00e1s su ca\u00edda en relaci\u00f3n a los meses pasados\u00bb.<\/p>\n<p><strong>El empleo<\/strong>. La cantidad de empleos formales en la industria de la construcci\u00f3n aceler\u00f3 levemente su tasa anual de ca\u00edda en septiembre, al ubicarse en un -12,4 por ciento, indic\u00f3 el informe de coyuntura. No obstante, el empleo formal en este rubro se expandi\u00f3 muy levemente en la comparaci\u00f3n mensual por segundo mes consecutivo, hecho que no suced\u00eda desde junio de 2015, al crecer 1 por ciento, alcanzando un total de 374.957 puestos de trabajo registrados.<\/p>\n<p>Ello representa la creaci\u00f3n de 3.710 nuevos puestos en el mes, indic\u00f3 el Ieric. Para comprender esta situaci\u00f3n es necesario tener presente que en igual mes de 2015 se registr\u00f3 el mayor nivel de ocupaci\u00f3n sectorial de aquel a\u00f1o; de esta forma, la baja acumulada en 2016 ascendi\u00f3 al 11,1 por ciento.<\/p>\n<p>El tercer trimestre de 2016 promedi\u00f3 unos 370.427 puestos de trabajo registrados: esto representa una expansi\u00f3n del 1 por ciento en relaci\u00f3n al trimestre inmediatamente precedente y una baja del 12,9 por ciento interanual. El indicador de tama\u00f1o promedio de empresa registr\u00f3 un nivel de 12,8 puestos por firma constructora durante septiembre, marcando as\u00ed un alza del 1 por ciento mensual y el nivel m\u00e1s elevado desde el mes de febrero pasado.<\/p>\n<p>La mejora mensual del empleo sectorial fue el fruto de la generaci\u00f3n de nuevos puestos de trabajo en la mayor\u00eda de los distritos del pa\u00eds. Los aportes m\u00e1s significativos estuvieron concentrados en las provincias de Santa Fe, C\u00f3rdoba y Chubut que, en conjunto, dieron cuenta de 1 de cada 3 nuevos puestos creados en septiembre.<\/p>\n<p>La semana pasada, el ministro de Trabajo, Jorge Triaca, reconoci\u00f3 que la construcci\u00f3n es no de los sectores puntuales en los que se registra ca\u00edda del empleo, y lo atribuy\u00f3 a \u00abla herencia\u00bb del gobierno anterior, por la falta de pago de la obra p\u00fablica que detuvo la actividad y la crisis externa de Brasil.<\/p>\n<h6>Fuente: La capital Rosario<\/h6>\n","protected":false},"excerpt":{"rendered":"<p>La recesi\u00f3n impact\u00f3 adem\u00e1s en la generaci\u00f3n de empleos en el sector, seg\u00fan el Instituto de Estad\u00edstica y Registro de la industria de este rubro.<\/p>\n","protected":false},"author":2,"featured_media":56608,"comment_status":"closed","ping_status":"closed","sticky":false,"template":"","format":"standard","meta":{"footnotes":""},"categories":[8],"tags":[21],"class_list":["post-56607","post","type-post","status-publish","format-standard","has-post-thumbnail","hentry","category-informe-nacional","tag-argentina"],"_links":{"self":[{"href":"http:\/\/argentinamunicipal.com.ar\/argentina\/wp-json\/wp\/v2\/posts\/56607","targetHints":{"allow":["GET"]}}],"collection":[{"href":"http:\/\/argentinamunicipal.com.ar\/argentina\/wp-json\/wp\/v2\/posts"}],"about":[{"href":"http:\/\/argentinamunicipal.com.ar\/argentina\/wp-json\/wp\/v2\/types\/post"}],"author":[{"embeddable":true,"href":"http:\/\/argentinamunicipal.com.ar\/argentina\/wp-json\/wp\/v2\/users\/2"}],"replies":[{"embeddable":true,"href":"http:\/\/argentinamunicipal.com.ar\/argentina\/wp-json\/wp\/v2\/comments?post=56607"}],"version-history":[{"count":0,"href":"http:\/\/argentinamunicipal.com.ar\/argentina\/wp-json\/wp\/v2\/posts\/56607\/revisions"}],"wp:featuredmedia":[{"embeddable":true,"href":"http:\/\/argentinamunicipal.com.ar\/argentina\/wp-json\/wp\/v2\/media\/56608"}],"wp:attachment":[{"href":"http:\/\/argentinamunicipal.com.ar\/argentina\/wp-json\/wp\/v2\/media?parent=56607"}],"wp:term":[{"taxonomy":"category","embeddable":true,"href":"http:\/\/argentinamunicipal.com.ar\/argentina\/wp-json\/wp\/v2\/categories?post=56607"},{"taxonomy":"post_tag","embeddable":true,"href":"http:\/\/argentinamunicipal.com.ar\/argentina\/wp-json\/wp\/v2\/tags?post=56607"}],"curies":[{"name":"wp","href":"https:\/\/api.w.org\/{rel}","templated":true}]}}