{"id":5661,"date":"2014-04-07T09:11:18","date_gmt":"2014-04-07T12:11:18","guid":{"rendered":"http:\/\/argentinamunicipal.com.ar\/argentina\/?p=5661"},"modified":"2014-04-07T09:11:18","modified_gmt":"2014-04-07T12:11:18","slug":"fetram-santa-cruz-presento-al-gobierno-su-pedido-de-incremento-salarial","status":"publish","type":"post","link":"http:\/\/argentinamunicipal.com.ar\/argentina\/fetram-santa-cruz-presento-al-gobierno-su-pedido-de-incremento-salarial\/","title":{"rendered":"FETRAM Santa Cruz present\u00f3 al Gobierno su pedido de incremento salarial"},"content":{"rendered":"<div id=\"attachment_5663\" style=\"width: 370px\" class=\"wp-caption alignright\"><a href=\"http:\/\/argentinamunicipal.com.ar\/argentina\/wp-content\/uploads\/2014\/04\/IMG38497.jpg\"><img loading=\"lazy\" decoding=\"async\" aria-describedby=\"caption-attachment-5663\" class=\"size-full wp-image-5663\" alt=\"FETRAM encarar\u00e1 nuevos encuentros en el transcurso de esta semana.\" src=\"http:\/\/argentinamunicipal.com.ar\/argentina\/wp-content\/uploads\/2014\/04\/IMG38497.jpg\" width=\"360\" height=\"241\" srcset=\"http:\/\/argentinamunicipal.com.ar\/argentina\/wp-content\/uploads\/2014\/04\/IMG38497.jpg 360w, http:\/\/argentinamunicipal.com.ar\/argentina\/wp-content\/uploads\/2014\/04\/IMG38497-300x200.jpg 300w\" sizes=\"auto, (max-width: 360px) 100vw, 360px\" \/><\/a><p id=\"caption-attachment-5663\" class=\"wp-caption-text\">FETRAM encarar\u00e1 nuevos encuentros en el transcurso de esta semana.<\/p><\/div>\n<p>Los municipales presentaron formalmente al Gobierno lo resuelto en el \u00faltimo plenario de la FETRAM. Resolvieron poner un piso de discusi\u00f3n salarial no menor a lo otorgado el a\u00f1o pasado, adem\u00e1s de pedir por la regularizaci\u00f3n de la CSS y declarar la intransferibilidad de la Caja de Previsi\u00f3n Social. Ma\u00f1ana se re\u00fanen con el gobernador Peralta.<\/p>\n<p>La Federaci\u00f3n de Trabajadores Municipales de Santa Cruz (FETRAM) mantuvo el pasado s\u00e1bado un encuentro con el jefe de Gabinete, Ariel Ivovich, para analizar el mecanismo de asistencia financiera a los municipios destinado a los incrementos salariales.<\/p>\n<p>En el encuentro, FETRAM comunic\u00f3 formalmente al Estado provincial lo resuelto en el \u00faltimo plenario provincial: Regularizaci\u00f3n de la Caja de Servicios Sociales, intransferibilidad de la Caja de Previsi\u00f3n Social y piso de pauta salarial a debatir en este 2014.<\/p>\n<p>El secretario general de la FETRAM, Juli\u00e1n Carrizo, se\u00f1al\u00f3 a La Opini\u00f3n Austral que \u201clos secretarios generales de la federaci\u00f3n fueron recibidos el pasado s\u00e1bado por el jefe de Gabinete, Ariel Ivovich. Desde el Estado provincial dieron a conocer que llevan adelante negociaciones con el Gobierno nacional para coordinar el mecanismo de asistencia financiera a cada comuna\u201d, dinero que ser\u00e1 destinado a los incrementos salariales para los agentes municipales.<\/p>\n<p>Los trabajadores aclararon que el encuentro fue meramente \u201cinformativo\u201d y quedaron a la espera de ma\u00f1ana martes. En ese d\u00eda, la Federaci\u00f3n tiene planteada una reuni\u00f3n con el gobernador Daniel Peralta para avanzar firmemente en el debate salarial.<\/p>\n<h3>Piso salarial<\/h3>\n<p>En el plenario de secretarios generales la FETRAM determin\u00f3 que el piso de discusi\u00f3n salarial para este a\u00f1o est\u00e9 atado a la pauta negociada el \u00faltimo a\u00f1o. Seg\u00fan Carrizo, los municipales establecieron \u201cno cerrar la negociaci\u00f3n por un monto menor al de 2013\u201d, trat\u00e1ndose de una mejora de entre el 25 y el 30%, adem\u00e1s de un 10% que reclaman los trabajadores a los intendentes.<\/p>\n<p>Sobre este punto, los municipales dejaron en claro que solicitar\u00e1n un mecanismo de incremento salarial id\u00e9ntico al propuesto al sector docente.<\/p>\n<p>Otra de las resoluciones del plenario est\u00e1 relacionada a la salud de los trabajadores. \u201cLa FETRAM nuevamente vuelve a mostrar preocupaci\u00f3n por la prestaci\u00f3n que brinda la Caja de Servicios Sociales, mayormente en la zona norte de la provincia\u201d, dijo Carrizo a este medio. Indic\u00f3 que la obra social provincial debe garantizar la atenci\u00f3n de mayores especialidades m\u00e9dicas y \u201ccumplir con los pagos a fin de no ver interrumpido ninguno de los servicios\u201d.<\/p>\n<p>Indic\u00f3 que solicitaron al Ejecutivo provincial la \u201cinmediata regularizaci\u00f3n<br \/>\nde las prestaciones\u201d.<\/p>\n<p>En este escenario de negociaciones, los municipales deber\u00e1n aguardar a que el Estado provincial aceite el mecanismo de asistencia financiera para cada comuna, para luego avanzar en las discusiones ante el mismo Ejecutivo provincial y cada intendente.<\/p>\n<h6>Fuente: La Opini\u00f3n Austral<\/h6>\n","protected":false},"excerpt":{"rendered":"<p>Los municipales presentaron formalmente al Gobierno lo resuelto en el \u00faltimo plenario de la FETRAM. Resolvieron poner un piso de discusi\u00f3n salarial no menor a lo otorgado el a\u00f1o pasado, adem\u00e1s de pedir por la regularizaci\u00f3n de la CSS y declarar la intransferibilidad de la Caja de Previsi\u00f3n Social. Ma\u00f1ana se re\u00fanen con el gobernador<\/p>\n","protected":false},"author":1,"featured_media":5663,"comment_status":"closed","ping_status":"closed","sticky":false,"template":"","format":"standard","meta":{"footnotes":""},"categories":[7],"tags":[29],"class_list":["post-5661","post","type-post","status-publish","format-standard","has-post-thumbnail","hentry","category-informe-sindical","tag-santa-cruz"],"_links":{"self":[{"href":"http:\/\/argentinamunicipal.com.ar\/argentina\/wp-json\/wp\/v2\/posts\/5661","targetHints":{"allow":["GET"]}}],"collection":[{"href":"http:\/\/argentinamunicipal.com.ar\/argentina\/wp-json\/wp\/v2\/posts"}],"about":[{"href":"http:\/\/argentinamunicipal.com.ar\/argentina\/wp-json\/wp\/v2\/types\/post"}],"author":[{"embeddable":true,"href":"http:\/\/argentinamunicipal.com.ar\/argentina\/wp-json\/wp\/v2\/users\/1"}],"replies":[{"embeddable":true,"href":"http:\/\/argentinamunicipal.com.ar\/argentina\/wp-json\/wp\/v2\/comments?post=5661"}],"version-history":[{"count":0,"href":"http:\/\/argentinamunicipal.com.ar\/argentina\/wp-json\/wp\/v2\/posts\/5661\/revisions"}],"wp:featuredmedia":[{"embeddable":true,"href":"http:\/\/argentinamunicipal.com.ar\/argentina\/wp-json\/wp\/v2\/media\/5663"}],"wp:attachment":[{"href":"http:\/\/argentinamunicipal.com.ar\/argentina\/wp-json\/wp\/v2\/media?parent=5661"}],"wp:term":[{"taxonomy":"category","embeddable":true,"href":"http:\/\/argentinamunicipal.com.ar\/argentina\/wp-json\/wp\/v2\/categories?post=5661"},{"taxonomy":"post_tag","embeddable":true,"href":"http:\/\/argentinamunicipal.com.ar\/argentina\/wp-json\/wp\/v2\/tags?post=5661"}],"curies":[{"name":"wp","href":"https:\/\/api.w.org\/{rel}","templated":true}]}}