{"id":56616,"date":"2016-11-29T07:25:35","date_gmt":"2016-11-29T10:25:35","guid":{"rendered":"http:\/\/argentinamunicipal.com.ar\/argentina\/?p=56616"},"modified":"2016-11-29T07:25:35","modified_gmt":"2016-11-29T10:25:35","slug":"lula-temer-macri-tienen-la-misma-concepcion-la-economia","status":"publish","type":"post","link":"http:\/\/argentinamunicipal.com.ar\/argentina\/lula-temer-macri-tienen-la-misma-concepcion-la-economia\/","title":{"rendered":"Lula: \u00abTemer y Macri tienen la misma concepci\u00f3n de la econom\u00eda\u00bb"},"content":{"rendered":"<p>El ex mandatario brasile\u00f1o afirm\u00f3 que tanto \u00e9l como Cristina Fern\u00e1ndez enfrentan una campa\u00f1a basada en mentiras con el objetivo de desprestigiar a sus gobiernos y sacarlos de la disputa electoral.<\/p>\n<p>El expresidente de Brasil Lula Da Silva sostuvo que tanto \u00e9l como la exmandataria Cristina Kirchner se enfrentan a \u00abuna orquesta de invenciones y acusaciones\u00bb impulsadas desde el Poder Judicial con el respaldo de los medios de comunicaci\u00f3n con el objetivo de \u00abdescaracterizar\u00a0todo lo que se ha hecho de\u00a0bueno en los gobiernos de los Kirchner, Dilma y Lula\u00bb e intentar retirarlos de la disputa electoral.<\/p>\n<p>Adem\u00e1s, el l\u00edder del PT se\u00f1al\u00f3 que los gobiernos de Michele Temer y Mauricio Macri tienen \u00abla misma concepci\u00f3n de la econom\u00eda\u00bb, con un discurso sostenido en la \u00abcrisis\u00bb y la \u00abnecesidad de ajustar\u00bb.<\/p>\n<p>Lula, en una entrevista concedida al programa Econom\u00eda Pol\u00edtica, que conduce Roberto Navarro por C5N,\u00a0adelant\u00f3 que se est\u00e1 pensando un\u00a0encuentro entre \u00e9l, Dilma y Cristina para discutir \u00abqu\u00e9 cosas no hicimos que facilit\u00f3 la vida de nuestro adversario\u00bb y \u00abrecuperar en las pr\u00f3ximas elecciones a los gobiernos progresistas\u00bb.<\/p>\n<p>En cuanto a la situaci\u00f3n pol\u00edtica en Brasil, dijo que \u00abhay una tentativa casi enloquecida de intentar manchar\u00bb su\u00a0imagen y la de Dilma. \u00abIntentan un lavaje cerebral en la sociedad brasilera para decir que todo lo que en alg\u00fan tiempo era maravilloso -cuando Brasil crec\u00eda, era respetado, hab\u00eda empleo y\u00a0pol\u00edticas sociales, y aumentaba\u00a0el salario-\u00a0fue una farsa\u00bb. Las buenas pol\u00edticas sociales tanto \u00aben Brasil como en Argentina est\u00e1n encarnadas dentro de las personas que recibieron el beneficio y por lo tanto no van a cambiar de posici\u00f3n\u00bb, agreg\u00f3.<\/p>\n<p>Lula no descarta volver a ser candidato a la presidencia de su pa\u00eds \u00absi fuese necesario para recuperar una fuerte pol\u00edtica de inclusi\u00f3n social\u00bb, aunque aclar\u00f3 que le \u00abgustar\u00eda que mi partido tuviera otro candidato, que pudiera construir un frente amplio, a\u00fan faltan dos a\u00f1os, vamos a ver. Si\u00a0fuese por m\u00ed, la vida pol\u00edtica ya est\u00e1 cerrada, la \u00fanica cosa que tengo miedo es traicionar al pueblo brasile\u00f1o\u00bb. Y agreg\u00f3: \u00abTengo un compromiso y ya prob\u00e9 que es posible hacer un mejor gobierno, como Kirchner lo prob\u00f3 en Argentina\u00bb.<\/p>\n<p>El expresidente brasile\u00f1o compar\u00f3 la intencionalidad de los medios en ambos pa\u00edses. \u00abLo que sucede con los medios de comunicaci\u00f3n aqu\u00ed\u00a0ocurre en la Argentina, pens\u00e1bamos que Cristina hab\u00eda avanzado mucho cuando dio la pelea con Clar\u00edn y ahora Clar\u00edn es el principal partido contra Cristina y la quiere condenar\u00bb.<\/p>\n<p>\u00abNo conozco bien el proceso contra Cristina, pero debe ser bastante parecido (al m\u00edo). No necesitan\u00a0de una verdad, no necesitan un delito, lo que se necesita es solamente un deseo pol\u00edtico. \u00bfY cu\u00e1l es el deseo pol\u00edtico? Intentar criminalizar al PT, en primer lugar, e intentar retirar al PT de la disputa electoral de 2018. A partir de ah\u00ed se monto una estructura de mentiras\u00bb, resumi\u00f3 Lula.<\/p>\n<p>\u00abEstamos pensando en hacer un encuentro de expresidentes para discutir qu\u00e9\u00a0dejamos en nuestro periodo de gobierno, en qu\u00e9\u00a0nos equivocamos, qu\u00e9\u00a0dejamos de hacer\u00a0que facilito a\u00a0nuestros adversarios.\u00a0Ahora debemos prepararnos para que la gente puede recuperar en las pr\u00f3ximas elecciones a los gobiernos progresistas para gobernar otra vez a nuestra Am\u00e9rica del Sur\u00bb.<\/p>\n<p>En otro tramo de la entrevista, volvi\u00f3 a comparar la coyuntura pol\u00edtica de Argentina y Brasil: \u00abEs muy parecida. En Argentina hay una diferencia: hubo una\u00a0elecci\u00f3n y el adversario conservador gan\u00f3 las elecciones. Ac\u00e1 hubo un golpe parlamentario contra Dilma y un ciudadano\u00a0que era vice, asumi\u00f3 la presidencia\u00bb.<\/p>\n<h6>Fuente: P\u00e1gina 12<\/h6>\n","protected":false},"excerpt":{"rendered":"<p>El ex mandatario brasile\u00f1o afirm\u00f3 que tanto \u00e9l como Cristina Fern\u00e1ndez enfrentan una campa\u00f1a basada en mentiras con el objetivo de desprestigiar a sus gobiernos y sacarlos de la disputa electoral.<\/p>\n","protected":false},"author":2,"featured_media":56617,"comment_status":"closed","ping_status":"closed","sticky":false,"template":"","format":"standard","meta":{"footnotes":""},"categories":[8],"tags":[21],"class_list":["post-56616","post","type-post","status-publish","format-standard","has-post-thumbnail","hentry","category-informe-nacional","tag-argentina"],"_links":{"self":[{"href":"http:\/\/argentinamunicipal.com.ar\/argentina\/wp-json\/wp\/v2\/posts\/56616","targetHints":{"allow":["GET"]}}],"collection":[{"href":"http:\/\/argentinamunicipal.com.ar\/argentina\/wp-json\/wp\/v2\/posts"}],"about":[{"href":"http:\/\/argentinamunicipal.com.ar\/argentina\/wp-json\/wp\/v2\/types\/post"}],"author":[{"embeddable":true,"href":"http:\/\/argentinamunicipal.com.ar\/argentina\/wp-json\/wp\/v2\/users\/2"}],"replies":[{"embeddable":true,"href":"http:\/\/argentinamunicipal.com.ar\/argentina\/wp-json\/wp\/v2\/comments?post=56616"}],"version-history":[{"count":0,"href":"http:\/\/argentinamunicipal.com.ar\/argentina\/wp-json\/wp\/v2\/posts\/56616\/revisions"}],"wp:featuredmedia":[{"embeddable":true,"href":"http:\/\/argentinamunicipal.com.ar\/argentina\/wp-json\/wp\/v2\/media\/56617"}],"wp:attachment":[{"href":"http:\/\/argentinamunicipal.com.ar\/argentina\/wp-json\/wp\/v2\/media?parent=56616"}],"wp:term":[{"taxonomy":"category","embeddable":true,"href":"http:\/\/argentinamunicipal.com.ar\/argentina\/wp-json\/wp\/v2\/categories?post=56616"},{"taxonomy":"post_tag","embeddable":true,"href":"http:\/\/argentinamunicipal.com.ar\/argentina\/wp-json\/wp\/v2\/tags?post=56616"}],"curies":[{"name":"wp","href":"https:\/\/api.w.org\/{rel}","templated":true}]}}