{"id":56619,"date":"2016-11-29T06:00:08","date_gmt":"2016-11-29T09:00:08","guid":{"rendered":"http:\/\/argentinamunicipal.com.ar\/argentina\/?p=56619"},"modified":"2016-11-29T07:29:52","modified_gmt":"2016-11-29T10:29:52","slug":"temor-futuro-90-mil-empleados-estatales-precarios","status":"publish","type":"post","link":"http:\/\/argentinamunicipal.com.ar\/argentina\/temor-futuro-90-mil-empleados-estatales-precarios\/","title":{"rendered":"Temor sobre el futuro de 90 mil empleados estatales \u00abprecarios\u00bb"},"content":{"rendered":"<p>El secretario general de ATE, Hugo Cachorro Godoy, advirti\u00f3 ayer que en el Estado hay 90 mil empleados \u00abprecarios\u00bb y que la mayor\u00eda de los contratos \u00abvence el 31 de diciembre\u00bb pr\u00f3ximo, por lo que reclam\u00f3 que se avance r\u00e1pidamente \u00aben un cronograma de pase a planta permanente\u00bb.<\/p>\n<p>El secretario general de ATE, Hugo Cachorro Godoy, advirti\u00f3 ayer que en el Estado hay 90 mil empleados \u00abprecarios\u00bb y que la mayor\u00eda de los contratos \u00abvence el 31 de diciembre\u00bb pr\u00f3ximo, por lo que reclam\u00f3 que se avance r\u00e1pidamente \u00aben un cronograma de pase a planta permanente\u00bb.<\/p>\n<p>\u00abHay 90 mil trabajadores precarios en el Estado y la mayor\u00eda de esos contratos vencen el 31 de diciembre. Por eso, eso venimos reclamando que antes de esa fecha se avance en un cronograma de pase a planta permanente, porque hay algunos que tienen diez a\u00f1os de antig\u00fcedad\u00bb, indic\u00f3 Godoy.<\/p>\n<p>El dirigente sindical se\u00f1al\u00f3, adem\u00e1s, que el gobierno nacional \u00aboculta\u00bb informaci\u00f3n respecto del ingreso de nuevos empleados a la administraci\u00f3n p\u00fablica, luego que un informe elaborado por el Ministerio de Trabajo nacional, que conduce Jorge Triaca, indicara que el empleo p\u00fablico creci\u00f3 y alcanz\u00f3 el nivel que dej\u00f3 el kirchnerismo.<\/p>\n<p>\u00abEl problema es que el gobierno ech\u00f3 a 11 mil trabajadores que ganaban 10 mil pesos e incorpor\u00f3 personal jer\u00e1rquico que cobra 60 mil\u00bb, cuestion\u00f3 Godoy.<\/p>\n<p>Adem\u00e1s, se\u00f1al\u00f3 que \u00abel gobierno no brinda informes precisos, en qu\u00e9 funciones y con qu\u00e9 caracter\u00edsticas ha ingresado ese personal\u00bb y resalt\u00f3 que, \u00abseguramente, entr\u00f3 en condici\u00f3n de precario, con contrato\u00bb.<\/p>\n<p>\u00abSe mantiene el nivel de precariedad que se tiene. El gobierno tiene una idea del Estado muy diferente a la nuestra, y no se organiza mejor echando trabajadores y manteniendo los niveles de precariedad existentes\u00bb, sostuvo Godoy.<\/p>\n<p>Paralelamente, cuestion\u00f3 al ministro de Modernizaci\u00f3n nacional, Andr\u00e9s Ibarra, por afirmar que \u00abno habr\u00eda despidos, pero despu\u00e9s se produjeron igual\u00bb, y advirti\u00f3: \u00abEn lo que resta del a\u00f1o y el primer semestre de 2017 deber\u00edan realizar los concursos para concretar el pase a planta permanente\u00bb.<\/p>\n<p>Seg\u00fan el informe \u00abSeguimiento del empleo p\u00fablico nacional, provincial y municipal\u00bb del Ministerio de Trabajo, con cifras que llegan hasta junio, desde que asumi\u00f3 Macri la plantilla de empleados p\u00fablicos creci\u00f3 un 1 por ciento.<\/p>\n<h6>Fuente: La Capital Rosario<\/h6>\n","protected":false},"excerpt":{"rendered":"<p>El secretario general de ATE, Hugo Cachorro Godoy, advirti\u00f3 ayer que en el Estado hay 90 mil empleados \u00abprecarios\u00bb y que la mayor\u00eda de los contratos \u00abvence el 31 de diciembre\u00bb pr\u00f3ximo<\/p>\n","protected":false},"author":2,"featured_media":56620,"comment_status":"closed","ping_status":"closed","sticky":false,"template":"","format":"standard","meta":{"footnotes":""},"categories":[8],"tags":[21],"class_list":["post-56619","post","type-post","status-publish","format-standard","has-post-thumbnail","hentry","category-informe-nacional","tag-argentina"],"_links":{"self":[{"href":"http:\/\/argentinamunicipal.com.ar\/argentina\/wp-json\/wp\/v2\/posts\/56619","targetHints":{"allow":["GET"]}}],"collection":[{"href":"http:\/\/argentinamunicipal.com.ar\/argentina\/wp-json\/wp\/v2\/posts"}],"about":[{"href":"http:\/\/argentinamunicipal.com.ar\/argentina\/wp-json\/wp\/v2\/types\/post"}],"author":[{"embeddable":true,"href":"http:\/\/argentinamunicipal.com.ar\/argentina\/wp-json\/wp\/v2\/users\/2"}],"replies":[{"embeddable":true,"href":"http:\/\/argentinamunicipal.com.ar\/argentina\/wp-json\/wp\/v2\/comments?post=56619"}],"version-history":[{"count":0,"href":"http:\/\/argentinamunicipal.com.ar\/argentina\/wp-json\/wp\/v2\/posts\/56619\/revisions"}],"wp:featuredmedia":[{"embeddable":true,"href":"http:\/\/argentinamunicipal.com.ar\/argentina\/wp-json\/wp\/v2\/media\/56620"}],"wp:attachment":[{"href":"http:\/\/argentinamunicipal.com.ar\/argentina\/wp-json\/wp\/v2\/media?parent=56619"}],"wp:term":[{"taxonomy":"category","embeddable":true,"href":"http:\/\/argentinamunicipal.com.ar\/argentina\/wp-json\/wp\/v2\/categories?post=56619"},{"taxonomy":"post_tag","embeddable":true,"href":"http:\/\/argentinamunicipal.com.ar\/argentina\/wp-json\/wp\/v2\/tags?post=56619"}],"curies":[{"name":"wp","href":"https:\/\/api.w.org\/{rel}","templated":true}]}}