{"id":56652,"date":"2016-11-29T08:34:53","date_gmt":"2016-11-29T11:34:53","guid":{"rendered":"http:\/\/argentinamunicipal.com.ar\/argentina\/?p=56652"},"modified":"2016-11-29T08:34:53","modified_gmt":"2016-11-29T11:34:53","slug":"fiesta-los-espumantes-guaymallen-del-8-al-17-diciembre","status":"publish","type":"post","link":"http:\/\/argentinamunicipal.com.ar\/argentina\/fiesta-los-espumantes-guaymallen-del-8-al-17-diciembre\/","title":{"rendered":"Fiesta de los espumantes en Guaymall\u00e9n  del 8 al 17 de diciembre"},"content":{"rendered":"<p>Se realizar\u00e1 desde el 8 al 17 de diciembre. El festival \u201cBurbujas y Sabores\u201d combinar\u00e1 visitas a bodegas, delicias y shows art\u00edsticos.<\/p>\n<p>Autoridades del municipio de Guaymall\u00e9n y de \u00a0las bodegas que participar\u00e1n de \u201cBurbujas y Sabores\u201d, firmaron un acuerdo para desarrollar el mega evento vitivin\u00edcola y gastron\u00f3mico que se realizar\u00e1 los d\u00edas 16 y 17 de diciembre, y que contar\u00e1 con una semana previa en donde las bodegas que elaboran espumantes abrir\u00e1n sus puertas al p\u00fablico. La m\u00fasica de Catupecu Machu ser\u00e1 el cierre de esta primera edici\u00f3n.<\/p>\n<p>Los destacados chefs Facundo Cuadrado, Graciela Hisa y Mar\u00eda Laura Zavattieri, comentaron que en este interesante desaf\u00edo habr\u00e1 8 stands de comidas preparadas con productos del departamento, compuestos tambi\u00e9n por mesas de colectividades de diversos pa\u00edses, otras de panader\u00eda y quesos, adem\u00e1s de postres que combinen con los espumantes.<\/p>\n<p>Durante la jornada de ayer, se destac\u00f3 que Guaymall\u00e9n elabora 10 millones de botellas de espumantes al a\u00f1o; es l\u00edder en la regi\u00f3n cuyana en la producci\u00f3n de verduras y hortalizas, es el segundo cintur\u00f3n verde a nivel nacional.<\/p>\n<h6>Fuente: Los Andes<\/h6>\n","protected":false},"excerpt":{"rendered":"<p>Se realizar\u00e1 desde el 8 al 17 de diciembre. El festival \u201cBurbujas y Sabores\u201d combinar\u00e1 visitas a bodegas, delicias y shows art\u00edsticos.<\/p>\n","protected":false},"author":2,"featured_media":56653,"comment_status":"closed","ping_status":"closed","sticky":false,"template":"","format":"standard","meta":{"footnotes":""},"categories":[47],"tags":[31],"class_list":["post-56652","post","type-post","status-publish","format-standard","has-post-thumbnail","hentry","category-fiestas","tag-mendoza"],"_links":{"self":[{"href":"http:\/\/argentinamunicipal.com.ar\/argentina\/wp-json\/wp\/v2\/posts\/56652","targetHints":{"allow":["GET"]}}],"collection":[{"href":"http:\/\/argentinamunicipal.com.ar\/argentina\/wp-json\/wp\/v2\/posts"}],"about":[{"href":"http:\/\/argentinamunicipal.com.ar\/argentina\/wp-json\/wp\/v2\/types\/post"}],"author":[{"embeddable":true,"href":"http:\/\/argentinamunicipal.com.ar\/argentina\/wp-json\/wp\/v2\/users\/2"}],"replies":[{"embeddable":true,"href":"http:\/\/argentinamunicipal.com.ar\/argentina\/wp-json\/wp\/v2\/comments?post=56652"}],"version-history":[{"count":0,"href":"http:\/\/argentinamunicipal.com.ar\/argentina\/wp-json\/wp\/v2\/posts\/56652\/revisions"}],"wp:featuredmedia":[{"embeddable":true,"href":"http:\/\/argentinamunicipal.com.ar\/argentina\/wp-json\/wp\/v2\/media\/56653"}],"wp:attachment":[{"href":"http:\/\/argentinamunicipal.com.ar\/argentina\/wp-json\/wp\/v2\/media?parent=56652"}],"wp:term":[{"taxonomy":"category","embeddable":true,"href":"http:\/\/argentinamunicipal.com.ar\/argentina\/wp-json\/wp\/v2\/categories?post=56652"},{"taxonomy":"post_tag","embeddable":true,"href":"http:\/\/argentinamunicipal.com.ar\/argentina\/wp-json\/wp\/v2\/tags?post=56652"}],"curies":[{"name":"wp","href":"https:\/\/api.w.org\/{rel}","templated":true}]}}