{"id":56662,"date":"2016-11-30T06:33:03","date_gmt":"2016-11-30T09:33:03","guid":{"rendered":"http:\/\/argentinamunicipal.com.ar\/argentina\/?p=56662"},"modified":"2016-11-30T06:33:03","modified_gmt":"2016-11-30T09:33:03","slug":"estiman-1-000-millones-perdidas-agropecuarias-las-inundaciones-florentino-ameghino","status":"publish","type":"post","link":"http:\/\/argentinamunicipal.com.ar\/argentina\/estiman-1-000-millones-perdidas-agropecuarias-las-inundaciones-florentino-ameghino\/","title":{"rendered":"Estiman $1.000 millones de p\u00e9rdidas agropecuarias por las inundaciones en Florentino Ameghino"},"content":{"rendered":"<p>As\u00ed lo confirm\u00f3 el intendente Calixto Tellechea. Precis\u00f3 que \u00abla situaci\u00f3n va mejorando, el agua (que ingresa desde otros distritos) sigue corriendo pero ya va evaporando\u00bb. Adelant\u00f3 que ya se trabaja en la reparaci\u00f3n de los caminos y alert\u00f3 sobre la proliferaci\u00f3n del mosquito.<\/p>\n<p>El sector agropecuario del distrito ubicado en el noroeste bonaerense\u00a0sufri\u00f3 p\u00e9rdidas\u00a0debido a las inundaciones originadas por las lluvias y el exceso h\u00eddrico proveniente de otros partidos lindantes.<\/p>\n<p>Esta situaci\u00f3n se suma a la de General Villegas, municipio afectado en un 70% de su superficie,\u00a0donde estimaron p\u00e9rdidas por 5.000 millones\u00a0de pesos.<\/p>\n<p>Tellechea detall\u00f3 que las p\u00e9rdidas en el sector agr\u00edcola y l\u00e1cteo, debido al anegamiento de campos y caminos, \u00abasciende a 1.000 millones de pesos\u00bb, seg\u00fan inform\u00f3 T\u00e9lam.<\/p>\n<p>Adem\u00e1s cont\u00f3 que \u00absi bien ning\u00fan tambo debi\u00f3 cerrar, al no poder retirar la producci\u00f3n, la mayor\u00eda tuvo que cambiar de lugar la hacienda o elaborar masa de muzzarella para no perder lo producido\u00bb.<\/p>\n<p>Explic\u00f3 que se trabaja en la reparaci\u00f3n de caminos y recientemente se firm\u00f3 un convenio con el ministerio de Agroindustria de Naci\u00f3n para el arreglo de una calle que ayudar\u00e1 a la salida de la producci\u00f3n tambera.<\/p>\n<p>Asimismo, el exceso de agua ocasion\u00f3 la proliferaci\u00f3n de mosquitos en todo el distrito, por lo que se trabaja en la fumigaci\u00f3n de amplios sectores urbanos y rurales donde la hacienda, para evitar las picaduras, \u00abse resguarda y no sale a comer\u00bb.<\/p>\n<h6>Fuente: La Noticia 1.com<\/h6>\n","protected":false},"excerpt":{"rendered":"<p>As\u00ed lo confirm\u00f3 el intendente Calixto Tellechea. Precis\u00f3 que \u00abla situaci\u00f3n va mejorando, el agua (que ingresa desde otros distritos) sigue corriendo pero ya va evaporando\u00bb. <\/p>\n","protected":false},"author":2,"featured_media":56663,"comment_status":"closed","ping_status":"closed","sticky":false,"template":"","format":"standard","meta":{"footnotes":""},"categories":[2],"tags":[12],"class_list":["post-56662","post","type-post","status-publish","format-standard","has-post-thumbnail","hentry","category-informe-municipal","tag-buenos-aires"],"_links":{"self":[{"href":"http:\/\/argentinamunicipal.com.ar\/argentina\/wp-json\/wp\/v2\/posts\/56662","targetHints":{"allow":["GET"]}}],"collection":[{"href":"http:\/\/argentinamunicipal.com.ar\/argentina\/wp-json\/wp\/v2\/posts"}],"about":[{"href":"http:\/\/argentinamunicipal.com.ar\/argentina\/wp-json\/wp\/v2\/types\/post"}],"author":[{"embeddable":true,"href":"http:\/\/argentinamunicipal.com.ar\/argentina\/wp-json\/wp\/v2\/users\/2"}],"replies":[{"embeddable":true,"href":"http:\/\/argentinamunicipal.com.ar\/argentina\/wp-json\/wp\/v2\/comments?post=56662"}],"version-history":[{"count":0,"href":"http:\/\/argentinamunicipal.com.ar\/argentina\/wp-json\/wp\/v2\/posts\/56662\/revisions"}],"wp:featuredmedia":[{"embeddable":true,"href":"http:\/\/argentinamunicipal.com.ar\/argentina\/wp-json\/wp\/v2\/media\/56663"}],"wp:attachment":[{"href":"http:\/\/argentinamunicipal.com.ar\/argentina\/wp-json\/wp\/v2\/media?parent=56662"}],"wp:term":[{"taxonomy":"category","embeddable":true,"href":"http:\/\/argentinamunicipal.com.ar\/argentina\/wp-json\/wp\/v2\/categories?post=56662"},{"taxonomy":"post_tag","embeddable":true,"href":"http:\/\/argentinamunicipal.com.ar\/argentina\/wp-json\/wp\/v2\/tags?post=56662"}],"curies":[{"name":"wp","href":"https:\/\/api.w.org\/{rel}","templated":true}]}}