{"id":56671,"date":"2016-11-30T06:41:52","date_gmt":"2016-11-30T09:41:52","guid":{"rendered":"http:\/\/argentinamunicipal.com.ar\/argentina\/?p=56671"},"modified":"2016-11-30T06:41:52","modified_gmt":"2016-11-30T09:41:52","slug":"coronel-pringles-frigorificos-turismo-energias-renovables-los-principales-temas-la-reunion-del-foro-intendentes","status":"publish","type":"post","link":"http:\/\/argentinamunicipal.com.ar\/argentina\/coronel-pringles-frigorificos-turismo-energias-renovables-los-principales-temas-la-reunion-del-foro-intendentes\/","title":{"rendered":"Coronel Pringles: Frigor\u00edficos, turismo y energ\u00edas renovables, los principales temas de la reuni\u00f3n del Foro de Intendentes"},"content":{"rendered":"<p>El ministro Sarqu\u00eds dijo que el objetivo es poner al sudoeste en la agenda provincial.<\/p>\n<p>Con la presencia del ministro de Agroindustria de la Provincia, Leonardo Sarqu\u00eds, y de varios de los intendentes de la regi\u00f3n, se llev\u00f3 a cabo hoy el VII Foro de Intendentes del Sudoeste en Coronel Pringles.<\/p>\n<p>Adem\u00e1s del titular de la cartera agraria, el encuentro fue encabezado por el intendente anfritri\u00f3n, Carlos Berterret; y tambi\u00e9n se cont\u00f3 con la presencia del jefe de asesores del ministerio de Ciencia, Tecnolog\u00eda e Innovaci\u00f3n Productiva, Carlos Canievsky; y Santiago Derqui, en representaci\u00f3n de la direcci\u00f3n Provincial de Turismo.<\/p>\n<p>Entre los jefes comunalles presentes se encontraban Jos\u00e9 Luis Zara (Patagones), H\u00e9ctor Gay (Bah\u00eda Blanca), Facundo Castelli (Puan), Ra\u00fal Reyes (Coronel Dorrego), N\u00e9stor \u00c1lvarez (Guamin\u00ed), Sergio Bordoni (Tornquist), Mariano Uset (Coronel Rosales), Marcos Fern\u00e1ndez (Monte Hermoso), y David Hirtz (Adolfo Alsina). Tambi\u00e9n estuvieron los secretarios de Producci\u00f3n de Saavedra, Guillermo Oustry; y de Villarino, Ignacio Gagioli.<\/p>\n<p>\u201cDesde que empezamos la gesti\u00f3n, una de las cosas que nos pusimos como meta fue empezar a dar vuelta el tema de que &#8216;el sudoeste es un problema&#8217;, y preferimos cambiar el problema por una oportunidad. A esto lo estamos demostrando en cada reuni\u00f3n, en cada acci\u00f3n\u201d, dijo Sarqu\u00eds.<\/p>\n<p>\u201cPoner al SOB en agenda es important\u00edsimo. Ac\u00e1 se hace el 28,8% de todas las actividades agropecuarias de la provincia. Lo que haya pasado antes no nos importa; para nosotros es importante esta regi\u00f3n y es central para que se acomoden las cosas en la provincia de la mejor manera\u201d, agreg\u00f3.<\/p>\n<p>Sarqu\u00eds destac\u00f3 tambi\u00e9n la presencia de los intendentes de la regi\u00f3n, \u201cporque siempre se disparan algunas acciones para la pr\u00f3xima reuni\u00f3n o para empezar un camino de soluci\u00f3n\u201d, como ocurri\u00f3 con la reactivaci\u00f3n de los frigor\u00edficos en Guamin\u00ed, Bordenave e Indio Rico.<\/p>\n<p>\u201cLa idea es que antes de fin de a\u00f1o los municipios tengan los importes para activar estos frigor\u00edficos. Estamos activando todo de la mejor manera posible para impulsar al sudoeste de la provincia\u201d, se\u00f1al\u00f3.<\/p>\n<p>En cuanto al turismo, durante el encuentro se analiz\u00f3 la propuesta \u00abVentania\u00bb, de la cual forman parte Coronel Pringles, Tornquist, Coronel Su\u00e1rez, Bah\u00eda Blanca y Coronel Dorrego, con el objetivo de generar un producto tur\u00edstico que se complemente con los que ya est\u00e1n en marcha.<\/p>\n<p>\u00abLa Provincia es una buena opci\u00f3n para hacer foco en energ\u00edas renovables y vamos a apoyar todas las iniciativas correspondientes para que las inversiones lleguen lo m\u00e1s pronto posible\u00bb, finaliz\u00f3 Sarqu\u00eds.<\/p>\n<h6>Fuente: La Nueva<\/h6>\n","protected":false},"excerpt":{"rendered":"<p>El ministro Sarqu\u00eds dijo que el objetivo es poner al sudoeste en la agenda provincial.<\/p>\n","protected":false},"author":2,"featured_media":56672,"comment_status":"closed","ping_status":"closed","sticky":false,"template":"","format":"standard","meta":{"footnotes":""},"categories":[2],"tags":[12],"class_list":["post-56671","post","type-post","status-publish","format-standard","has-post-thumbnail","hentry","category-informe-municipal","tag-buenos-aires"],"_links":{"self":[{"href":"http:\/\/argentinamunicipal.com.ar\/argentina\/wp-json\/wp\/v2\/posts\/56671","targetHints":{"allow":["GET"]}}],"collection":[{"href":"http:\/\/argentinamunicipal.com.ar\/argentina\/wp-json\/wp\/v2\/posts"}],"about":[{"href":"http:\/\/argentinamunicipal.com.ar\/argentina\/wp-json\/wp\/v2\/types\/post"}],"author":[{"embeddable":true,"href":"http:\/\/argentinamunicipal.com.ar\/argentina\/wp-json\/wp\/v2\/users\/2"}],"replies":[{"embeddable":true,"href":"http:\/\/argentinamunicipal.com.ar\/argentina\/wp-json\/wp\/v2\/comments?post=56671"}],"version-history":[{"count":0,"href":"http:\/\/argentinamunicipal.com.ar\/argentina\/wp-json\/wp\/v2\/posts\/56671\/revisions"}],"wp:featuredmedia":[{"embeddable":true,"href":"http:\/\/argentinamunicipal.com.ar\/argentina\/wp-json\/wp\/v2\/media\/56672"}],"wp:attachment":[{"href":"http:\/\/argentinamunicipal.com.ar\/argentina\/wp-json\/wp\/v2\/media?parent=56671"}],"wp:term":[{"taxonomy":"category","embeddable":true,"href":"http:\/\/argentinamunicipal.com.ar\/argentina\/wp-json\/wp\/v2\/categories?post=56671"},{"taxonomy":"post_tag","embeddable":true,"href":"http:\/\/argentinamunicipal.com.ar\/argentina\/wp-json\/wp\/v2\/tags?post=56671"}],"curies":[{"name":"wp","href":"https:\/\/api.w.org\/{rel}","templated":true}]}}